{"id":36627,"date":"2023-02-10T13:56:08","date_gmt":"2023-02-10T19:56:08","guid":{"rendered":"https:\/\/encuentroinformativo.com.mx\/?p=36627"},"modified":"2023-02-10T13:56:12","modified_gmt":"2023-02-10T19:56:12","slug":"a-pesar-de-vandalismo-zona-arqueologica-estara-abierta-en-cumbre-tajin-2023","status":"publish","type":"post","link":"https:\/\/encuentroinformativo.com.mx\/?p=36627","title":{"rendered":"A pesar de vandalismo, zona arqueol\u00f3gica estar\u00e1 abierta en Cumbre Taj\u00edn 2023"},"content":{"rendered":"\n<p><strong>Alejandro \u00c1vila<\/strong><\/p>\n\n\n\n<p>Boca del R\u00edo, Ver.- A pesar del vandalismo que se  suscit\u00f3 en los murales de la zona arqueol\u00f3gica de Taj\u00edn, durante el Festival Cumbre Taj\u00edn, todo el recinto estar\u00e1 disponible para que los visitantes puedan hacer su recorrido, asegur\u00f3 el secretario de Turismo, Iv\u00e1n Francisco Mart\u00ednez Olvera.<\/p>\n\n\n\n<p>Cabe mencionar que, el pasado 21 de diciembre del 2022, un grupo desconocido de v\u00e1ndalos le prendi\u00f3 fuego a los murales de la zona arqueol\u00f3gica del Taj\u00edn, lo cual a decir del director del INAH, Diego Prieto, hubo da\u00f1os considerables pero menores.<\/p>\n\n\n\n<p>&#8220;Estar\u00e1 abierta, solamente esa parte que se est\u00e1 trabajando est\u00e1 cubierta por obvias razones, esa es la \u00fanica parte, pero todo el recorrido, todas las pir\u00e1mides y todos los monumentos estar\u00e1n abiertos (\u2026) s\u00ed, estar\u00e1 trabajando de manera coordinada Guardia Nacional con el INAH para darle cobertura este tema&#8221;, apunt\u00f3.<\/p>\n\n\n\n<p>El funcionario estatal dijo que el Instituto Nacional de Antropolog\u00eda e Historia (INAH) levant\u00f3 en su momento la denuncia y contin\u00faa con el seguimiento de los procesos legales para dar con los responsables de este acto vand\u00e1lico, pues se espera que sean castigados por su fechor\u00eda.<\/p>\n","protected":false},"excerpt":{"rendered":"<p>Alejandro \u00c1vila Boca del R\u00edo, Ver.- A pesar del vandalismo que se suscit\u00f3 en los murales de la zona arqueol\u00f3gica de Taj\u00edn, durante el Festival Cumbre Taj\u00edn, todo el recinto estar\u00e1 disponible para que los visitantes puedan hacer su recorrido, asegur\u00f3 el secretario de Turismo, Iv\u00e1n Francisco Mart\u00ednez Olvera. Cabe mencionar que, el pasado 21 [&hellip;]<\/p>\n","protected":false},"author":2476,"featured_media":36628,"comment_status":"open","ping_status":"open","sticky":false,"template":"","format":"standard","meta":{"_jetpack_memberships_contains_paid_content":false,"footnotes":""},"categories":[2],"tags":[],"class_list":["post-36627","post","type-post","status-publish","format-standard","has-post-thumbnail","hentry","category-estado"],"jetpack_featured_media_url":"https:\/\/encuentroinformativo.com.mx\/wp-content\/uploads\/2023\/02\/IMG-20230210-WA0073.jpg","jetpack_sharing_enabled":true,"jetpack_likes_enabled":true,"amp_enabled":true,"_links":{"self":[{"href":"https:\/\/encuentroinformativo.com.mx\/index.php?rest_route=\/wp\/v2\/posts\/36627","targetHints":{"allow":["GET"]}}],"collection":[{"href":"https:\/\/encuentroinformativo.com.mx\/index.php?rest_route=\/wp\/v2\/posts"}],"about":[{"href":"https:\/\/encuentroinformativo.com.mx\/index.php?rest_route=\/wp\/v2\/types\/post"}],"author":[{"embeddable":true,"href":"https:\/\/encuentroinformativo.com.mx\/index.php?rest_route=\/wp\/v2\/users\/2476"}],"replies":[{"embeddable":true,"href":"https:\/\/encuentroinformativo.com.mx\/index.php?rest_route=%2Fwp%2Fv2%2Fcomments&post=36627"}],"version-history":[{"count":1,"href":"https:\/\/encuentroinformativo.com.mx\/index.php?rest_route=\/wp\/v2\/posts\/36627\/revisions"}],"predecessor-version":[{"id":36629,"href":"https:\/\/encuentroinformativo.com.mx\/index.php?rest_route=\/wp\/v2\/posts\/36627\/revisions\/36629"}],"wp:featuredmedia":[{"embeddable":true,"href":"https:\/\/encuentroinformativo.com.mx\/index.php?rest_route=\/wp\/v2\/media\/36628"}],"wp:attachment":[{"href":"https:\/\/encuentroinformativo.com.mx\/index.php?rest_route=%2Fwp%2Fv2%2Fmedia&parent=36627"}],"wp:term":[{"taxonomy":"category","embeddable":true,"href":"https:\/\/encuentroinformativo.com.mx\/index.php?rest_route=%2Fwp%2Fv2%2Fcategories&post=36627"},{"taxonomy":"post_tag","embeddable":true,"href":"https:\/\/encuentroinformativo.com.mx\/index.php?rest_route=%2Fwp%2Fv2%2Ftags&post=36627"}],"curies":[{"name":"wp","href":"https:\/\/api.w.org\/{rel}","templated":true}]}}