{"id":36633,"date":"2023-02-10T17:30:59","date_gmt":"2023-02-10T23:30:59","guid":{"rendered":"https:\/\/encuentroinformativo.com.mx\/?p=36633"},"modified":"2023-02-10T17:31:03","modified_gmt":"2023-02-10T23:31:03","slug":"al-menos-95-municipios-enfrentaran-problemas-de-sequia","status":"publish","type":"post","link":"https:\/\/encuentroinformativo.com.mx\/?p=36633","title":{"rendered":"Al menos 95 municipios enfrentar\u00e1n problemas de sequ\u00eda"},"content":{"rendered":"\n<p><strong>Dar\u00edo Pale<\/strong> <\/p>\n\n\n\n<p>Xalapa, Ver.- Habr\u00e1 95 municipios con sequ\u00eda en Veracruz, de los cuales 3 ser\u00e1n con sequ\u00eda severa, adem\u00e1s en una semana los incendios subieron la superficie afectada de 23.97 a 87 hect\u00e1reas, as\u00ed lo dio a conocer el Servicio Meteorol\u00f3gico Nacional.<\/p>\n\n\n\n<p>En conferencia de prensa se\u00f1alaron que de entre los 95 se encuentran, Hidalgotitl\u00e1n, Jes\u00fas Carranza y Uxpanapa quienes presentaran sequ\u00eda severa, en tanto que 17 municipios presentan sequ\u00eda moderada en la cuenca del P\u00e1nuco, as\u00ed como 43 m\u00e1s en la cuenca del Jamapa, 28 en la cuenca del Papaloapan y 4 en la del Coatzacoalcos.<\/p>\n\n\n\n<p>&#8220;Esto quiere decir que los frentes fr\u00edos de enero y lo que llevamos de febrero no han dejado lluvias importantes que pudieran mitigar esta sequ\u00eda&#8221;, se\u00f1al\u00f3.<\/p>\n\n\n\n<p>&#8220;Esto pudiera estarse agravando un poco m\u00e1s conforme nos estemos aproximando hacia marzo y abril que estad\u00edsticamente llueve menos&#8221;, agreg\u00f3.<\/p>\n\n\n\n<p>Jessica Luna, jefa del departamento de Hidrometeorolog\u00eda de la Conagua, record\u00f3 que debido al pron\u00f3stico que no era muy alentador en cuanto a lluvias, se iba a ir incrementando los municipios con sequ\u00eda.<\/p>\n\n\n\n<p>En otro orden de ideas, la funcionaria federal puntualiz\u00f3 que al haber un ambiente m\u00e1s seco conforme se acerquen los meses con temperaturas m\u00e1s elevadas como abril y mayo, muy probablemente haya m\u00e1s incendios forestales.<\/p>\n\n\n\n<p>En ese sentido, detall\u00f3 que hasta el 26 de enero hab\u00edan ocurrido 22 incendios forestales en la Entidad, de suerte que Veracruz se ubica en el quinto lugar nacional con un mayor n\u00famero de conflagraciones.<\/p>\n\n\n\n<p>El primer lugar lo tiene Jalisco con un total de 57 incendios, seguido de la Ciudad de M\u00e9xico con 45 siniestros de este tipo, Puebla 26, Estado de M\u00e9xico 25 y Veracruz 22.<\/p>\n\n\n\n<p>Por \u00faltimo dio a conocer que con el corte al 26 de enero hab\u00edan afectado 23.97 hect\u00e1reas afectadas, pero para el 2 de febrero la cifra se elev\u00f3 a 87, es decir, se increment\u00f3 en 67 hect\u00e1reas en solo una semana.<\/p>\n","protected":false},"excerpt":{"rendered":"<p>Dar\u00edo Pale Xalapa, Ver.- Habr\u00e1 95 municipios con sequ\u00eda en Veracruz, de los cuales 3 ser\u00e1n con sequ\u00eda severa, adem\u00e1s en una semana los incendios subieron la superficie afectada de 23.97 a 87 hect\u00e1reas, as\u00ed lo dio a conocer el Servicio Meteorol\u00f3gico Nacional. En conferencia de prensa se\u00f1alaron que de entre los 95 se encuentran, [&hellip;]<\/p>\n","protected":false},"author":2476,"featured_media":32646,"comment_status":"open","ping_status":"open","sticky":false,"template":"","format":"standard","meta":{"_jetpack_memberships_contains_paid_content":false,"footnotes":""},"categories":[2],"tags":[],"class_list":["post-36633","post","type-post","status-publish","format-standard","has-post-thumbnail","hentry","category-estado"],"jetpack_featured_media_url":"https:\/\/encuentroinformativo.com.mx\/wp-content\/uploads\/2022\/10\/A7AAB366-2CCB-49F4-88B5-78F2E0443E08.jpeg","jetpack_sharing_enabled":true,"jetpack_likes_enabled":true,"amp_enabled":true,"_links":{"self":[{"href":"https:\/\/encuentroinformativo.com.mx\/index.php?rest_route=\/wp\/v2\/posts\/36633","targetHints":{"allow":["GET"]}}],"collection":[{"href":"https:\/\/encuentroinformativo.com.mx\/index.php?rest_route=\/wp\/v2\/posts"}],"about":[{"href":"https:\/\/encuentroinformativo.com.mx\/index.php?rest_route=\/wp\/v2\/types\/post"}],"author":[{"embeddable":true,"href":"https:\/\/encuentroinformativo.com.mx\/index.php?rest_route=\/wp\/v2\/users\/2476"}],"replies":[{"embeddable":true,"href":"https:\/\/encuentroinformativo.com.mx\/index.php?rest_route=%2Fwp%2Fv2%2Fcomments&post=36633"}],"version-history":[{"count":1,"href":"https:\/\/encuentroinformativo.com.mx\/index.php?rest_route=\/wp\/v2\/posts\/36633\/revisions"}],"predecessor-version":[{"id":36634,"href":"https:\/\/encuentroinformativo.com.mx\/index.php?rest_route=\/wp\/v2\/posts\/36633\/revisions\/36634"}],"wp:featuredmedia":[{"embeddable":true,"href":"https:\/\/encuentroinformativo.com.mx\/index.php?rest_route=\/wp\/v2\/media\/32646"}],"wp:attachment":[{"href":"https:\/\/encuentroinformativo.com.mx\/index.php?rest_route=%2Fwp%2Fv2%2Fmedia&parent=36633"}],"wp:term":[{"taxonomy":"category","embeddable":true,"href":"https:\/\/encuentroinformativo.com.mx\/index.php?rest_route=%2Fwp%2Fv2%2Fcategories&post=36633"},{"taxonomy":"post_tag","embeddable":true,"href":"https:\/\/encuentroinformativo.com.mx\/index.php?rest_route=%2Fwp%2Fv2%2Ftags&post=36633"}],"curies":[{"name":"wp","href":"https:\/\/api.w.org\/{rel}","templated":true}]}}