{"id":36637,"date":"2023-02-10T17:46:14","date_gmt":"2023-02-10T23:46:14","guid":{"rendered":"https:\/\/encuentroinformativo.com.mx\/?p=36637"},"modified":"2023-02-10T17:46:17","modified_gmt":"2023-02-10T23:46:17","slug":"como-cada-mes-marchan-integrantes-de-colectivos","status":"publish","type":"post","link":"https:\/\/encuentroinformativo.com.mx\/?p=36637","title":{"rendered":"Como cada mes, marchan integrantes de Colectivos"},"content":{"rendered":"\n<p><strong>Dar\u00edo Pale <\/strong><\/p>\n\n\n\n<p>Xalapa,Ver.- Como ya es costumbre de cada mes integrantes del Colectivo Enlaces Xalapa marcharon por las principales calles de la capital del Estado para recordar a las personas que se reportan como desaparecidas del mes de febrero,  est\u00e1 ocasi\u00f3n recordaron que el 10 de febrero del 2010, se report\u00f3 como no localizado Cristian Iv\u00e1n Gonz\u00e1lez Rueda.<\/p>\n\n\n\n<p>Entrevistada durante la manifestaci\u00f3n la se\u00f1ora Alejandra Burgos Guevara, madre de Alejandro Manuel Soriano Burgos desaparecido en 2014 por polic\u00edas estatales, afirm\u00f3 que las autoridades son omisas de su reclamo, pues aunque cada mes se plantan frente a palacio de gobierno, nadie baja a atenderlas.<\/p>\n\n\n\n<p>&#8220;Nosotros venimos aqu\u00ed pero no nos atienden, ponemos canciones, exigen justicia, pero los del gobierno no bajan&#8221;, acus\u00f3.<\/p>\n\n\n\n<p>Mencion\u00f3 que al Colectivo lo integran m\u00e1s de 20 personas, y a la fecha solo les han entregado tres cuerpos, lo anterior, porque no hay avances en los resultados de las pruebas de ADN que se le han practicado a los cuerpos y a las familias, \u201cno hay respuesta en el resultado de los an\u00e1lisis de las pruebas de ADN\u201d\u00a0<\/p>\n\n\n\n<p>Recientemente la encargada de la Comisi\u00f3n de B\u00fasqueda, Brenda Cer\u00f3n Chagoya asegur\u00f3 que aun les quedan dos a\u00f1os para dar resultados en materia de personas desaparecidas, luego de que el Estado declar\u00f3 emergencia en el Estado desde el primer minuto del gobierno de Cuitl\u00e1huac Garc\u00eda Jim\u00e9nez.<\/p>\n\n\n\n<p>Por \u00faltimo cabe se\u00f1alar que los integrantes del grupo salieron desde el pante\u00f3n Palo Verde, ubicado en la avenida 20 de Noviembre, y llegaron a la Plaza Lerdo en donde se instalaron como cada mes, para recordar a sus desaparecidos. \u00a0<\/p>\n\n\n\n<figure class=\"wp-block-image size-large\"><img loading=\"lazy\" decoding=\"async\" width=\"1024\" height=\"682\" src=\"https:\/\/encuentroinformativo.com.mx\/wp-content\/uploads\/2023\/02\/IMG-20230210-WA0109-1024x682.jpg\" alt=\"\" class=\"wp-image-36639\" srcset=\"https:\/\/encuentroinformativo.com.mx\/wp-content\/uploads\/2023\/02\/IMG-20230210-WA0109-1024x682.jpg 1024w, https:\/\/encuentroinformativo.com.mx\/wp-content\/uploads\/2023\/02\/IMG-20230210-WA0109-300x200.jpg 300w, https:\/\/encuentroinformativo.com.mx\/wp-content\/uploads\/2023\/02\/IMG-20230210-WA0109-768x512.jpg 768w, https:\/\/encuentroinformativo.com.mx\/wp-content\/uploads\/2023\/02\/IMG-20230210-WA0109.jpg 1280w\" sizes=\"auto, (max-width: 1024px) 100vw, 1024px\" \/><\/figure>\n\n\n\n<figure class=\"wp-block-image size-large\"><img loading=\"lazy\" decoding=\"async\" width=\"1024\" height=\"682\" src=\"https:\/\/encuentroinformativo.com.mx\/wp-content\/uploads\/2023\/02\/IMG-20230210-WA0110-1024x682.jpg\" alt=\"\" class=\"wp-image-36640\" srcset=\"https:\/\/encuentroinformativo.com.mx\/wp-content\/uploads\/2023\/02\/IMG-20230210-WA0110-1024x682.jpg 1024w, https:\/\/encuentroinformativo.com.mx\/wp-content\/uploads\/2023\/02\/IMG-20230210-WA0110-300x200.jpg 300w, https:\/\/encuentroinformativo.com.mx\/wp-content\/uploads\/2023\/02\/IMG-20230210-WA0110-768x512.jpg 768w, https:\/\/encuentroinformativo.com.mx\/wp-content\/uploads\/2023\/02\/IMG-20230210-WA0110.jpg 1280w\" sizes=\"auto, (max-width: 1024px) 100vw, 1024px\" \/><\/figure>\n","protected":false},"excerpt":{"rendered":"<p>Dar\u00edo Pale Xalapa,Ver.- Como ya es costumbre de cada mes integrantes del Colectivo Enlaces Xalapa marcharon por las principales calles de la capital del Estado para recordar a las personas que se reportan como desaparecidas del mes de febrero, est\u00e1 ocasi\u00f3n recordaron que el 10 de febrero del 2010, se report\u00f3 como no localizado Cristian [&hellip;]<\/p>\n","protected":false},"author":2476,"featured_media":36638,"comment_status":"open","ping_status":"open","sticky":false,"template":"","format":"standard","meta":{"_jetpack_memberships_contains_paid_content":false,"footnotes":""},"categories":[3],"tags":[],"class_list":["post-36637","post","type-post","status-publish","format-standard","has-post-thumbnail","hentry","category-xalapa"],"jetpack_featured_media_url":"https:\/\/encuentroinformativo.com.mx\/wp-content\/uploads\/2023\/02\/IMG-20230210-WA0106.jpg","jetpack_sharing_enabled":true,"jetpack_likes_enabled":true,"amp_enabled":true,"_links":{"self":[{"href":"https:\/\/encuentroinformativo.com.mx\/index.php?rest_route=\/wp\/v2\/posts\/36637","targetHints":{"allow":["GET"]}}],"collection":[{"href":"https:\/\/encuentroinformativo.com.mx\/index.php?rest_route=\/wp\/v2\/posts"}],"about":[{"href":"https:\/\/encuentroinformativo.com.mx\/index.php?rest_route=\/wp\/v2\/types\/post"}],"author":[{"embeddable":true,"href":"https:\/\/encuentroinformativo.com.mx\/index.php?rest_route=\/wp\/v2\/users\/2476"}],"replies":[{"embeddable":true,"href":"https:\/\/encuentroinformativo.com.mx\/index.php?rest_route=%2Fwp%2Fv2%2Fcomments&post=36637"}],"version-history":[{"count":1,"href":"https:\/\/encuentroinformativo.com.mx\/index.php?rest_route=\/wp\/v2\/posts\/36637\/revisions"}],"predecessor-version":[{"id":36641,"href":"https:\/\/encuentroinformativo.com.mx\/index.php?rest_route=\/wp\/v2\/posts\/36637\/revisions\/36641"}],"wp:featuredmedia":[{"embeddable":true,"href":"https:\/\/encuentroinformativo.com.mx\/index.php?rest_route=\/wp\/v2\/media\/36638"}],"wp:attachment":[{"href":"https:\/\/encuentroinformativo.com.mx\/index.php?rest_route=%2Fwp%2Fv2%2Fmedia&parent=36637"}],"wp:term":[{"taxonomy":"category","embeddable":true,"href":"https:\/\/encuentroinformativo.com.mx\/index.php?rest_route=%2Fwp%2Fv2%2Fcategories&post=36637"},{"taxonomy":"post_tag","embeddable":true,"href":"https:\/\/encuentroinformativo.com.mx\/index.php?rest_route=%2Fwp%2Fv2%2Ftags&post=36637"}],"curies":[{"name":"wp","href":"https:\/\/api.w.org\/{rel}","templated":true}]}}