{"id":36642,"date":"2023-02-10T17:57:25","date_gmt":"2023-02-10T23:57:25","guid":{"rendered":"https:\/\/encuentroinformativo.com.mx\/?p=36642"},"modified":"2023-02-10T17:57:29","modified_gmt":"2023-02-10T23:57:29","slug":"analiza-ayuntamiento-instalar-otro-memorial-para-personas-desaparecidas","status":"publish","type":"post","link":"https:\/\/encuentroinformativo.com.mx\/?p=36642","title":{"rendered":"Analiza Ayuntamiento instalar otro memorial para personas desaparecidas"},"content":{"rendered":"\n<p><strong>Dar\u00edo Pale <\/strong><\/p>\n\n\n\n<p>Xalapa, Ver.- El presidente municipal, Ricardo Ahued Bardahuil confirm\u00f3 que adem\u00e1s del memorial para recordar a las personas desaparecidas que se ubica en las avenidas Xalapa, Orizaba y Lucio Blanco, a petici\u00f3n de colectivos de b\u00fasqueda se colocar\u00e1 uno m\u00e1s en otro punto de la capital.<\/p>\n\n\n\n<p>En entrevista se\u00f1al\u00f3 que se trata de una petici\u00f3n pendiente desde dos administraciones pasadas que se concluy\u00f3 el proyecto del memorial que consta de una estructura met\u00e1lica donde se colocar\u00e1n fotograf\u00edas de desaparecidas y desaparecidos. \u00a0<\/p>\n\n\n\n<p>\u201cPor petici\u00f3n de las madres y familiares cumplimos, por ah\u00ed est\u00e1n pidiendo en otro lugar y habremos de atender. Estamos viendo otras opciones con otro formato, entonces es justo escucharlas en su dolor, en su tristeza y en su lucha y con nosotros van a contar\u201d, se\u00f1al\u00f3.<\/p>\n\n\n\n<p>El alcalde no precis\u00f3 la inversi\u00f3n, pero reiter\u00f3 su compromiso por apoyar a familiares de desaparecidos en esta capital.<\/p>\n\n\n\n<p>Finalmente dio a conocer que se entregar\u00e1 dicha obra que consta de una estructura met\u00e1lica con una escalera en pr\u00f3ximos d\u00edas sin ser un evento de inauguraci\u00f3n como tal por tratarse de un tema sensible a los familiares que buscan a sus desaparecidos.<\/p>\n","protected":false},"excerpt":{"rendered":"<p>Dar\u00edo Pale Xalapa, Ver.- El presidente municipal, Ricardo Ahued Bardahuil confirm\u00f3 que adem\u00e1s del memorial para recordar a las personas desaparecidas que se ubica en las avenidas Xalapa, Orizaba y Lucio Blanco, a petici\u00f3n de colectivos de b\u00fasqueda se colocar\u00e1 uno m\u00e1s en otro punto de la capital. En entrevista se\u00f1al\u00f3 que se trata de [&hellip;]<\/p>\n","protected":false},"author":2476,"featured_media":36643,"comment_status":"open","ping_status":"open","sticky":false,"template":"","format":"standard","meta":{"_jetpack_memberships_contains_paid_content":false,"footnotes":""},"categories":[3],"tags":[],"class_list":["post-36642","post","type-post","status-publish","format-standard","has-post-thumbnail","hentry","category-xalapa"],"jetpack_featured_media_url":"https:\/\/encuentroinformativo.com.mx\/wp-content\/uploads\/2023\/02\/IMG-20230210-WA00802.jpg","jetpack_sharing_enabled":true,"jetpack_likes_enabled":true,"amp_enabled":true,"_links":{"self":[{"href":"https:\/\/encuentroinformativo.com.mx\/index.php?rest_route=\/wp\/v2\/posts\/36642","targetHints":{"allow":["GET"]}}],"collection":[{"href":"https:\/\/encuentroinformativo.com.mx\/index.php?rest_route=\/wp\/v2\/posts"}],"about":[{"href":"https:\/\/encuentroinformativo.com.mx\/index.php?rest_route=\/wp\/v2\/types\/post"}],"author":[{"embeddable":true,"href":"https:\/\/encuentroinformativo.com.mx\/index.php?rest_route=\/wp\/v2\/users\/2476"}],"replies":[{"embeddable":true,"href":"https:\/\/encuentroinformativo.com.mx\/index.php?rest_route=%2Fwp%2Fv2%2Fcomments&post=36642"}],"version-history":[{"count":1,"href":"https:\/\/encuentroinformativo.com.mx\/index.php?rest_route=\/wp\/v2\/posts\/36642\/revisions"}],"predecessor-version":[{"id":36644,"href":"https:\/\/encuentroinformativo.com.mx\/index.php?rest_route=\/wp\/v2\/posts\/36642\/revisions\/36644"}],"wp:featuredmedia":[{"embeddable":true,"href":"https:\/\/encuentroinformativo.com.mx\/index.php?rest_route=\/wp\/v2\/media\/36643"}],"wp:attachment":[{"href":"https:\/\/encuentroinformativo.com.mx\/index.php?rest_route=%2Fwp%2Fv2%2Fmedia&parent=36642"}],"wp:term":[{"taxonomy":"category","embeddable":true,"href":"https:\/\/encuentroinformativo.com.mx\/index.php?rest_route=%2Fwp%2Fv2%2Fcategories&post=36642"},{"taxonomy":"post_tag","embeddable":true,"href":"https:\/\/encuentroinformativo.com.mx\/index.php?rest_route=%2Fwp%2Fv2%2Ftags&post=36642"}],"curies":[{"name":"wp","href":"https:\/\/api.w.org\/{rel}","templated":true}]}}