{"id":36645,"date":"2023-02-10T18:15:00","date_gmt":"2023-02-11T00:15:00","guid":{"rendered":"https:\/\/encuentroinformativo.com.mx\/?p=36645"},"modified":"2023-02-10T18:15:04","modified_gmt":"2023-02-11T00:15:04","slug":"invitan-a-expo-foro-de-la-mujer-en-boca-del-rio","status":"publish","type":"post","link":"https:\/\/encuentroinformativo.com.mx\/?p=36645","title":{"rendered":"Invitan a Expo Foro de la Mujer en Boca del R\u00edo"},"content":{"rendered":"\n<p><strong>*Ser\u00e1 un evento con causa impulsado desde el DIF municipal.<\/strong><\/p>\n\n\n\n<p><strong>Alejandro \u00c1vila<\/strong><\/p>\n\n\n\n<p>Boca del R\u00edo, Ver.- La activista Alessandra Rojo de la Vega ser\u00e1 la ponente principal de la Expo Foro de la Mujer que se llevar\u00e1 a cabo el pr\u00f3ximo 14 de marzo en el Foro Boca del municipio de Boca del R\u00edo.<\/p>\n\n\n\n<p>La presidenta del DIF de Boca del R\u00edo, Melina Rivera Robert, destac\u00f3 que este evento es con causa todo lo recaudado se destinar\u00e1 para lucha contra el c\u00e1ncer.<\/p>\n\n\n\n<p>&#8220;La asistencia a esta Expo Foro tendr\u00e1 un costo, y lo recaudado ser\u00e1 destinado a la realizaci\u00f3n de estudios de papanicolau gratuito para mujeres boque\u00f1as. Decidimos volcar la causa a este tipo de apoyo m\u00e9dico, porque sabemos que el c\u00e1ncer c\u00e9rvico uterino ocupa el segundo lugar muertes de mujeres de 25 a\u00f1os y m\u00e1s, a causa de tumores malignos en M\u00e9xico&#8221;, remarc\u00f3 Rivera Robert.<\/p>\n\n\n\n<p>Durante todo el d\u00eda del evento a las afueras del recinto se instalar\u00e1n m\u00e1s de 100 emprendedoras del proyecto &#8220;Unidas Somos M\u00e1s Fuertes&#8221;, mismo que ha promovido el ayuntamiento de Boca del R\u00edo desde el 2022.<\/p>\n\n\n\n<p>El Foro Boca cuenta con espacio para 800 personas, de las cuales se tiene previsto vender 400 boletos, y los espacios restantes sean destinados a j\u00f3venes universitarias.<\/p>\n\n\n\n<p>&#8220;El objetivo es vender 400 boletos que tendr\u00e1n un costo de 200 pesos, con lo que tendr\u00e1n acceso a la conferencia magisterial, a las dos conferencias especiales y al panel de experiencias. Lo interesante es que, por cada persona que compre un boleto, estar\u00e1 apadrinando a una joven universitaria para que asista a la Expo Foro Mujer 2003&#8221;, culmin\u00f3.<\/p>\n\n\n\n<figure class=\"wp-block-image size-large\"><img loading=\"lazy\" decoding=\"async\" width=\"1024\" height=\"685\" src=\"https:\/\/encuentroinformativo.com.mx\/wp-content\/uploads\/2023\/02\/IMG-20230210-WA00761-1024x685.jpg\" alt=\"\" class=\"wp-image-36647\" srcset=\"https:\/\/encuentroinformativo.com.mx\/wp-content\/uploads\/2023\/02\/IMG-20230210-WA00761-1024x685.jpg 1024w, https:\/\/encuentroinformativo.com.mx\/wp-content\/uploads\/2023\/02\/IMG-20230210-WA00761-300x201.jpg 300w, https:\/\/encuentroinformativo.com.mx\/wp-content\/uploads\/2023\/02\/IMG-20230210-WA00761-768x514.jpg 768w, https:\/\/encuentroinformativo.com.mx\/wp-content\/uploads\/2023\/02\/IMG-20230210-WA00761.jpg 1346w\" sizes=\"auto, (max-width: 1024px) 100vw, 1024px\" \/><\/figure>\n","protected":false},"excerpt":{"rendered":"<p>*Ser\u00e1 un evento con causa impulsado desde el DIF municipal. Alejandro \u00c1vila Boca del R\u00edo, Ver.- La activista Alessandra Rojo de la Vega ser\u00e1 la ponente principal de la Expo Foro de la Mujer que se llevar\u00e1 a cabo el pr\u00f3ximo 14 de marzo en el Foro Boca del municipio de Boca del R\u00edo. La [&hellip;]<\/p>\n","protected":false},"author":2476,"featured_media":36646,"comment_status":"open","ping_status":"open","sticky":false,"template":"","format":"standard","meta":{"_jetpack_memberships_contains_paid_content":false,"footnotes":""},"categories":[2],"tags":[],"class_list":["post-36645","post","type-post","status-publish","format-standard","has-post-thumbnail","hentry","category-estado"],"jetpack_featured_media_url":"https:\/\/encuentroinformativo.com.mx\/wp-content\/uploads\/2023\/02\/IMG-20230210-WA00751.jpg","jetpack_sharing_enabled":true,"jetpack_likes_enabled":true,"amp_enabled":true,"_links":{"self":[{"href":"https:\/\/encuentroinformativo.com.mx\/index.php?rest_route=\/wp\/v2\/posts\/36645","targetHints":{"allow":["GET"]}}],"collection":[{"href":"https:\/\/encuentroinformativo.com.mx\/index.php?rest_route=\/wp\/v2\/posts"}],"about":[{"href":"https:\/\/encuentroinformativo.com.mx\/index.php?rest_route=\/wp\/v2\/types\/post"}],"author":[{"embeddable":true,"href":"https:\/\/encuentroinformativo.com.mx\/index.php?rest_route=\/wp\/v2\/users\/2476"}],"replies":[{"embeddable":true,"href":"https:\/\/encuentroinformativo.com.mx\/index.php?rest_route=%2Fwp%2Fv2%2Fcomments&post=36645"}],"version-history":[{"count":1,"href":"https:\/\/encuentroinformativo.com.mx\/index.php?rest_route=\/wp\/v2\/posts\/36645\/revisions"}],"predecessor-version":[{"id":36648,"href":"https:\/\/encuentroinformativo.com.mx\/index.php?rest_route=\/wp\/v2\/posts\/36645\/revisions\/36648"}],"wp:featuredmedia":[{"embeddable":true,"href":"https:\/\/encuentroinformativo.com.mx\/index.php?rest_route=\/wp\/v2\/media\/36646"}],"wp:attachment":[{"href":"https:\/\/encuentroinformativo.com.mx\/index.php?rest_route=%2Fwp%2Fv2%2Fmedia&parent=36645"}],"wp:term":[{"taxonomy":"category","embeddable":true,"href":"https:\/\/encuentroinformativo.com.mx\/index.php?rest_route=%2Fwp%2Fv2%2Fcategories&post=36645"},{"taxonomy":"post_tag","embeddable":true,"href":"https:\/\/encuentroinformativo.com.mx\/index.php?rest_route=%2Fwp%2Fv2%2Ftags&post=36645"}],"curies":[{"name":"wp","href":"https:\/\/api.w.org\/{rel}","templated":true}]}}