{"id":36649,"date":"2023-02-10T20:38:06","date_gmt":"2023-02-11T02:38:06","guid":{"rendered":"https:\/\/encuentroinformativo.com.mx\/?p=36649"},"modified":"2023-02-10T20:38:10","modified_gmt":"2023-02-11T02:38:10","slug":"junto-con-los-sectores-productivos-haremos-de-boca-del-rio-la-mejor-ciudad-alcalde-jm-unanue","status":"publish","type":"post","link":"https:\/\/encuentroinformativo.com.mx\/?p=36649","title":{"rendered":"Junto con los sectores productivos haremos de Boca del R\u00edo la mejor ciudad: Alcalde JM Un\u00e1nue"},"content":{"rendered":"\n<p><strong>*<em>Este viernes el Alcalde se reuni\u00f3 con los integrantes del Consejo de la C\u00e1mara de Comercio, Servicios y Turismo de Veracruz<\/em><\/strong>.<\/p>\n\n\n\n<p>Boca del R\u00edo, Ver.- El Alcalde de Boca del R\u00edo, Juan Manuel de Un\u00e1nue Abascal, se reuni\u00f3 este viernes con los integrantes del Consejo de la C\u00e1mara de Comercio, Servicios y Turismo de Veracruz (CANACO Servytur) con la finalidad de abrir espacios de di\u00e1logo para intercambiar ideas en beneficio de la ciudad.<\/p>\n\n\n\n<p>En su intervenci\u00f3n el Alcalde coment\u00f3 que en este 2023 el Ayuntamiento de Boca del R\u00edo continuar\u00e1 trabajando de la mano con el sector empresarial, destacando que la coordinaci\u00f3n entre gobierno y sectores productivos permitir\u00e1n fortalecer los trabajos, acciones y obras en el municipio.<\/p>\n\n\n\n<p>\u201cLlevamos 13 meses de administraci\u00f3n atendiendo a la ciudad y a los ciudadanos con un Programa General de Inversi\u00f3n, en donde ustedes se podr\u00e1n dar cuenta que atendimos de manera balanceada lo que es la zona tur\u00edstica y las diferentes colonias\u201d, enfatiz\u00f3 Un\u00e1nue Abascal.<\/p>\n\n\n\n<p>Asimismo, agreg\u00f3 que en la actualidad Boca del R\u00edo es ejemplo de crecimiento, posicion\u00e1ndose de esta forma como la mejor ciudad de Veracruz y un referente econ\u00f3mico en el Sureste de M\u00e9xico.<\/p>\n\n\n\n<p>En la misma reuni\u00f3n, el Alcalde comparti\u00f3 una rese\u00f1a de obras y acciones que se han realizado desde su primer d\u00eda de gobierno, se\u00f1alando que tan solo en el 2022 la inversi\u00f3n en obra p\u00fablica y mantenimiento urbano fue importante.<\/p>\n\n\n\n<p>Iniciando inmediatamente con la rehabilitaci\u00f3n de la ciudad, as\u00ed como con el rescate de espacios p\u00fablicos, parques, unidades deportivas y jardines, sumando trabajos en bulevares, avenidas y calles.<\/p>\n\n\n\n<p>Como es el caso de la pavimentaci\u00f3n en concreto hidr\u00e1ulico de la primera etapa de la Avenida Juan Pablo II, que comprende el tramo entre el Bulevar Manuel \u00c1vila Camacho y el Bulevar Adolfo Ruiz Cortines, con lo que se mejor\u00f3 la imagen y la vialidad de la zona.<\/p>\n\n\n\n<p>En un di\u00e1logo abierto y franco escuch\u00f3 con atenci\u00f3n a los distintos representantes empresariales quienes, adem\u00e1s de felicitarlo por su intenso trabajo realizado este \u00faltimo a\u00f1o de gesti\u00f3n, le presentaron una serie de ideas para impulsar el crecimiento econ\u00f3mico del municipio.<\/p>\n\n\n\n<p>Aprovechando la retroalimentaci\u00f3n Un\u00e1nue Abascal les inform\u00f3 que antes de que finalice febrero se estar\u00e1n inaugurando obras en la colonia Miguel Alem\u00e1n y Venustiano Carranza, acciones importantes para mejorar la calidad de vida de los habitantes.<\/p>\n\n\n\n<p>Por \u00faltimo, el Alcalde agradeci\u00f3 a Edi Alberto Mart\u00ednez Tejeda, presidente de CANACO Veracruz, as\u00ed como a los integrantes del consejo por el recibimiento y por el intercambio de ideas que abonan a que Boca del R\u00edo siga consolid\u00e1ndose como lo mejor de Veracruz.<\/p>\n","protected":false},"excerpt":{"rendered":"<p>*Este viernes el Alcalde se reuni\u00f3 con los integrantes del Consejo de la C\u00e1mara de Comercio, Servicios y Turismo de Veracruz. Boca del R\u00edo, Ver.- El Alcalde de Boca del R\u00edo, Juan Manuel de Un\u00e1nue Abascal, se reuni\u00f3 este viernes con los integrantes del Consejo de la C\u00e1mara de Comercio, Servicios y Turismo de Veracruz [&hellip;]<\/p>\n","protected":false},"author":2476,"featured_media":36650,"comment_status":"open","ping_status":"open","sticky":false,"template":"","format":"standard","meta":{"_jetpack_memberships_contains_paid_content":false,"footnotes":""},"categories":[2],"tags":[],"class_list":["post-36649","post","type-post","status-publish","format-standard","has-post-thumbnail","hentry","category-estado"],"jetpack_featured_media_url":"https:\/\/encuentroinformativo.com.mx\/wp-content\/uploads\/2023\/02\/IMG-20230210-WA01232.jpg","jetpack_sharing_enabled":true,"jetpack_likes_enabled":true,"amp_enabled":true,"_links":{"self":[{"href":"https:\/\/encuentroinformativo.com.mx\/index.php?rest_route=\/wp\/v2\/posts\/36649","targetHints":{"allow":["GET"]}}],"collection":[{"href":"https:\/\/encuentroinformativo.com.mx\/index.php?rest_route=\/wp\/v2\/posts"}],"about":[{"href":"https:\/\/encuentroinformativo.com.mx\/index.php?rest_route=\/wp\/v2\/types\/post"}],"author":[{"embeddable":true,"href":"https:\/\/encuentroinformativo.com.mx\/index.php?rest_route=\/wp\/v2\/users\/2476"}],"replies":[{"embeddable":true,"href":"https:\/\/encuentroinformativo.com.mx\/index.php?rest_route=%2Fwp%2Fv2%2Fcomments&post=36649"}],"version-history":[{"count":1,"href":"https:\/\/encuentroinformativo.com.mx\/index.php?rest_route=\/wp\/v2\/posts\/36649\/revisions"}],"predecessor-version":[{"id":36651,"href":"https:\/\/encuentroinformativo.com.mx\/index.php?rest_route=\/wp\/v2\/posts\/36649\/revisions\/36651"}],"wp:featuredmedia":[{"embeddable":true,"href":"https:\/\/encuentroinformativo.com.mx\/index.php?rest_route=\/wp\/v2\/media\/36650"}],"wp:attachment":[{"href":"https:\/\/encuentroinformativo.com.mx\/index.php?rest_route=%2Fwp%2Fv2%2Fmedia&parent=36649"}],"wp:term":[{"taxonomy":"category","embeddable":true,"href":"https:\/\/encuentroinformativo.com.mx\/index.php?rest_route=%2Fwp%2Fv2%2Fcategories&post=36649"},{"taxonomy":"post_tag","embeddable":true,"href":"https:\/\/encuentroinformativo.com.mx\/index.php?rest_route=%2Fwp%2Fv2%2Ftags&post=36649"}],"curies":[{"name":"wp","href":"https:\/\/api.w.org\/{rel}","templated":true}]}}