{"id":36655,"date":"2023-02-11T12:59:18","date_gmt":"2023-02-11T18:59:18","guid":{"rendered":"https:\/\/encuentroinformativo.com.mx\/?p=36655"},"modified":"2023-02-11T12:59:22","modified_gmt":"2023-02-11T18:59:22","slug":"cafe-veracruzano-en-riesgo-por-abandono-de-autoridades-diputada","status":"publish","type":"post","link":"https:\/\/encuentroinformativo.com.mx\/?p=36655","title":{"rendered":"Caf\u00e9 veracruzano en riesgo por abandono de autoridades: Diputada"},"content":{"rendered":"\n<p><strong>Alejandro \u00c1vila<\/strong><\/p>\n\n\n\n<p>Huatusco, Ver.- El caf\u00e9 en Veracruz se encuentra en riesgo debido a la falta de apoyos, reconoci\u00f3 la diputada local Anil\u00fa Ingram Vallines durante su visita a Huatusco para sostener reuniones con empresarios y l\u00edderes sociales.<\/p>\n\n\n\n<p>Veracruz cuenta con alrededor de 86 mil productores de caf\u00e9 divididos en 82 municipios; entre los que destacan: Huayacocotla, Papantla, Atzalan, Misantla, Coatepec, Huatusco, C\u00f3rdoba, Zongolica, Tezonapa y los Tuxtla.<\/p>\n\n\n\n<p>Tan solo en 2021, el valor de la producci\u00f3n fue de mil 343 millones de pesos, en un volumen de 230 mil toneladas, seg\u00fan datos del Gobierno del Estado de Veracruz.<\/p>\n\n\n\n<p>\u201cEl caf\u00e9 veracruzano goza de reconocimiento internacional; somos el segundo productor nacional al aportar 24 por ciento del total del grano mexicano. Sin embargo, los \u00faltimos a\u00f1os han sido muy complicados para el sector cafetalero de nuestro estado, pues enfermedades de la planta, como la roya, los vol\u00famenes de importaci\u00f3n del grano, as\u00ed como la falta de inter\u00e9s de las autoridades, entre otros problemas, han sumado a su falta de desarrollo, por esta raz\u00f3n nos encontramos en Huatusco visitando a diferentes productores\u201d, coment\u00f3 Ingram Vallines.<\/p>\n\n\n\n<p>Ingram Vallines acompa\u00f1ada tambi\u00e9n de Mauricio Guillaum\u00edn, empresario dedicado al comercio de bamb\u00fa, recorri\u00f3 los cafetales de la finca La Cuchilla con la familia De la Vequia quienes personalmente guiaron la visita donde conoci\u00f3 de cerca a los recolectores del grano de caf\u00e9, todo el proceso y escuch\u00f3 la problem\u00e1tica que enfrentan.<\/p>\n\n\n\n<p>Cabe recordar que en octubre del 2022 durante el foro Contexto Actual de la Cafeticultura en M\u00e9xico se dio a conocer que, a pesar de que este sector sostiene a m\u00e1s de medio mill\u00f3n de familias en la Rep\u00fablica Mexicana, no han recibido apoyo Federal o Estatal desde hace cuatro a\u00f1os.<\/p>\n","protected":false},"excerpt":{"rendered":"<p>Alejandro \u00c1vila Huatusco, Ver.- El caf\u00e9 en Veracruz se encuentra en riesgo debido a la falta de apoyos, reconoci\u00f3 la diputada local Anil\u00fa Ingram Vallines durante su visita a Huatusco para sostener reuniones con empresarios y l\u00edderes sociales. Veracruz cuenta con alrededor de 86 mil productores de caf\u00e9 divididos en 82 municipios; entre los que [&hellip;]<\/p>\n","protected":false},"author":2476,"featured_media":36656,"comment_status":"open","ping_status":"open","sticky":false,"template":"","format":"standard","meta":{"_jetpack_memberships_contains_paid_content":false,"footnotes":""},"categories":[2],"tags":[],"class_list":["post-36655","post","type-post","status-publish","format-standard","has-post-thumbnail","hentry","category-estado"],"jetpack_featured_media_url":"https:\/\/encuentroinformativo.com.mx\/wp-content\/uploads\/2023\/02\/IMG-20230211-WA00052.jpg","jetpack_sharing_enabled":true,"jetpack_likes_enabled":true,"amp_enabled":true,"_links":{"self":[{"href":"https:\/\/encuentroinformativo.com.mx\/index.php?rest_route=\/wp\/v2\/posts\/36655","targetHints":{"allow":["GET"]}}],"collection":[{"href":"https:\/\/encuentroinformativo.com.mx\/index.php?rest_route=\/wp\/v2\/posts"}],"about":[{"href":"https:\/\/encuentroinformativo.com.mx\/index.php?rest_route=\/wp\/v2\/types\/post"}],"author":[{"embeddable":true,"href":"https:\/\/encuentroinformativo.com.mx\/index.php?rest_route=\/wp\/v2\/users\/2476"}],"replies":[{"embeddable":true,"href":"https:\/\/encuentroinformativo.com.mx\/index.php?rest_route=%2Fwp%2Fv2%2Fcomments&post=36655"}],"version-history":[{"count":1,"href":"https:\/\/encuentroinformativo.com.mx\/index.php?rest_route=\/wp\/v2\/posts\/36655\/revisions"}],"predecessor-version":[{"id":36657,"href":"https:\/\/encuentroinformativo.com.mx\/index.php?rest_route=\/wp\/v2\/posts\/36655\/revisions\/36657"}],"wp:featuredmedia":[{"embeddable":true,"href":"https:\/\/encuentroinformativo.com.mx\/index.php?rest_route=\/wp\/v2\/media\/36656"}],"wp:attachment":[{"href":"https:\/\/encuentroinformativo.com.mx\/index.php?rest_route=%2Fwp%2Fv2%2Fmedia&parent=36655"}],"wp:term":[{"taxonomy":"category","embeddable":true,"href":"https:\/\/encuentroinformativo.com.mx\/index.php?rest_route=%2Fwp%2Fv2%2Fcategories&post=36655"},{"taxonomy":"post_tag","embeddable":true,"href":"https:\/\/encuentroinformativo.com.mx\/index.php?rest_route=%2Fwp%2Fv2%2Ftags&post=36655"}],"curies":[{"name":"wp","href":"https:\/\/api.w.org\/{rel}","templated":true}]}}