{"id":36677,"date":"2023-02-12T14:21:32","date_gmt":"2023-02-12T20:21:32","guid":{"rendered":"https:\/\/encuentroinformativo.com.mx\/?p=36677"},"modified":"2023-02-12T14:21:37","modified_gmt":"2023-02-12T20:21:37","slug":"araly-recibio-contratos-por-2-mdp-en-el-dif-estatal","status":"publish","type":"post","link":"https:\/\/encuentroinformativo.com.mx\/?p=36677","title":{"rendered":"Araly recibi\u00f3 contratos por 2 mdp en el DIF Estatal"},"content":{"rendered":"\n<p><strong>Juan Arcos<\/strong> <\/p>\n\n\n\n<p>Xalapa, Ver.- La bur\u00f3crata Araly Rodr\u00edguez Vez accedi\u00f3 a un contrato por un monto de 2 millones de pesos en el Sistema para el Desarrollo Integral de la Familia en Veracruz (DIF), sin que se detectaran anomal\u00edas en los bienes otorgados a la dependencia estatal.<\/p>\n\n\n\n<p>As\u00ed lo revel\u00f3 la directora general del DIF en Veracruz, Rebeca Quintanar Barcel\u00f3, quien a\u00f1adi\u00f3 que este organismo asistencial obtiene a sus proveedores del padr\u00f3n de la Secretar\u00eda de Finanzas y Planeaci\u00f3n (Sefiplan).<\/p>\n\n\n\n<p>\u201cFue de esa manera que lleg\u00f3 con nosotros, le ped\u00ed a la directora administrativa que me diera un resumen de este tema. Ella (Araly) nos cumpli\u00f3 en tiempo y forma, entreg\u00f3 los productos de calidad y no se tuvo ning\u00fan problema con ella\u201d, expres\u00f3.<\/p>\n\n\n\n<p>Cabe recordar que Araly Rodr\u00edguez cubr\u00eda interinato como trabajadora de la Secretar\u00eda de Educaci\u00f3n de Veracruz (SEV) y fue se\u00f1alada de haber recibido contratos con los que supuestamente cobr\u00f3 hasta 100 millones de pesos en varias dependencias estatales.<\/p>\n\n\n\n<p>La funcionaria estatal se deslind\u00f3 del proceso de licitaci\u00f3n para la contrataci\u00f3n de la empresa que representa Rodr\u00edguez Vez, con la cual consigui\u00f3 contratos tambi\u00e9n en la Secretar\u00eda de Seguridad P\u00fablica (SSP) y la Secretar\u00eda de Salud de Veracruz.<\/p>\n\n\n\n<p>\u201cLa Direcci\u00f3n General no participa en las licitaciones, es un subcomit\u00e9 de la direcci\u00f3n administrativa, nada m\u00e1s me informan de las empresas que van a participar. Ya se est\u00e1 investigando como lo dijo el se\u00f1or Gobernador. En el \u00e1rea de DIF todo est\u00e1 en regla\u201d, refiri\u00f3.<\/p>\n\n\n\n<p>Reci\u00e9n se dio a conocer que Araly perder\u00eda su interinato en la SEV, al haber incurrido en presuntos actos de corrupci\u00f3n.<\/p>\n\n\n\n<p>El domicilio fiscal de la empresa que ella representa result\u00f3 ser una tienda de abarrotes en Xalapa donde ni siquiera la conocen.<\/p>\n\n\n\n<p>\u201cNosotros por lo que nos vamos es por calidad y por precio, la directora administrativa me lo report\u00f3 y fue de esa manera que se contrat\u00f3 a esta persona. Les repito, nosotros sacamos la relaci\u00f3n de proveedores del padr\u00f3n de finanzas\u201d, justific\u00f3 Rebeca Quintanar.<\/p>\n","protected":false},"excerpt":{"rendered":"<p>Juan Arcos Xalapa, Ver.- La bur\u00f3crata Araly Rodr\u00edguez Vez accedi\u00f3 a un contrato por un monto de 2 millones de pesos en el Sistema para el Desarrollo Integral de la Familia en Veracruz (DIF), sin que se detectaran anomal\u00edas en los bienes otorgados a la dependencia estatal. As\u00ed lo revel\u00f3 la directora general del DIF [&hellip;]<\/p>\n","protected":false},"author":2476,"featured_media":36678,"comment_status":"open","ping_status":"open","sticky":false,"template":"","format":"standard","meta":{"_jetpack_memberships_contains_paid_content":false,"footnotes":""},"categories":[2],"tags":[],"class_list":["post-36677","post","type-post","status-publish","format-standard","has-post-thumbnail","hentry","category-estado"],"jetpack_featured_media_url":"https:\/\/encuentroinformativo.com.mx\/wp-content\/uploads\/2023\/02\/IMG_2329.jpg","jetpack_sharing_enabled":true,"jetpack_likes_enabled":true,"amp_enabled":true,"_links":{"self":[{"href":"https:\/\/encuentroinformativo.com.mx\/index.php?rest_route=\/wp\/v2\/posts\/36677","targetHints":{"allow":["GET"]}}],"collection":[{"href":"https:\/\/encuentroinformativo.com.mx\/index.php?rest_route=\/wp\/v2\/posts"}],"about":[{"href":"https:\/\/encuentroinformativo.com.mx\/index.php?rest_route=\/wp\/v2\/types\/post"}],"author":[{"embeddable":true,"href":"https:\/\/encuentroinformativo.com.mx\/index.php?rest_route=\/wp\/v2\/users\/2476"}],"replies":[{"embeddable":true,"href":"https:\/\/encuentroinformativo.com.mx\/index.php?rest_route=%2Fwp%2Fv2%2Fcomments&post=36677"}],"version-history":[{"count":1,"href":"https:\/\/encuentroinformativo.com.mx\/index.php?rest_route=\/wp\/v2\/posts\/36677\/revisions"}],"predecessor-version":[{"id":36679,"href":"https:\/\/encuentroinformativo.com.mx\/index.php?rest_route=\/wp\/v2\/posts\/36677\/revisions\/36679"}],"wp:featuredmedia":[{"embeddable":true,"href":"https:\/\/encuentroinformativo.com.mx\/index.php?rest_route=\/wp\/v2\/media\/36678"}],"wp:attachment":[{"href":"https:\/\/encuentroinformativo.com.mx\/index.php?rest_route=%2Fwp%2Fv2%2Fmedia&parent=36677"}],"wp:term":[{"taxonomy":"category","embeddable":true,"href":"https:\/\/encuentroinformativo.com.mx\/index.php?rest_route=%2Fwp%2Fv2%2Fcategories&post=36677"},{"taxonomy":"post_tag","embeddable":true,"href":"https:\/\/encuentroinformativo.com.mx\/index.php?rest_route=%2Fwp%2Fv2%2Ftags&post=36677"}],"curies":[{"name":"wp","href":"https:\/\/api.w.org\/{rel}","templated":true}]}}