{"id":3668,"date":"2020-06-26T14:01:53","date_gmt":"2020-06-26T19:01:53","guid":{"rendered":"https:\/\/encuentroinformativo.com\/?p=3668"},"modified":"2020-06-26T14:01:55","modified_gmt":"2020-06-26T19:01:55","slug":"iglesias-deben-mantener-recomendaciones-para-apertura-segob","status":"publish","type":"post","link":"https:\/\/encuentroinformativo.com.mx\/?p=3668","title":{"rendered":"Iglesias deben mantener recomendaciones para apertura: Segob"},"content":{"rendered":"\n<p><strong>Dar\u00edo Pale <\/strong><\/p>\n\n\n\n<p>Xalapa, Ver.- El director de Asuntos Religiosos de la Secretar\u00eda de Gobierno, Sergio Ulises Montes Guzman dio a conocer que el gobierno del estado mantiene la recomendaci\u00f3n a las asociaciones religiosas de no abrir los templos al culto si no se hace con las medidas sanitarias recomendadas por las autoridades de salud.<\/p>\n\n\n\n<p>Entrevistado en los pasillos de conocido caf\u00e9 del centro de Xalapa se\u00f1al\u00f3 que desde que inici\u00f3 la pandemia se tom\u00f3 la decisi\u00f3n de no cerrar los templos con la finalidad de que la gente tuviera un lugar d\u00f3nde desahogar sus penas.<\/p>\n\n\n\n<p>\u201cLos templos han permanecido abiertos en todo momento, se han cerrado para el culto para evitar que haya mucha gente y se propague el virus Covid-19. Ahora la iglesia cat\u00f3lica ha emitido un comunicado en el que dice que ir\u00e1 abriendo los templos al culto poco a poco y con las medidas sanitarias debidas\u201d, coment\u00f3.<\/p>\n\n\n\n<p>Dio a conocer que no ha habido prohibici\u00f3n para abrir los templos, pero s\u00ed recomendaciones para que las asociaciones religiosas limiten las actividades o se hagan \u00e9stas de manera muy responsable.<\/p>\n\n\n\n<p>\u201cLos \u00a0obispos de las ocho di\u00f3cesis que pertenecen a la provincia eclesi\u00e1stica de Xalapa decidieron de manera voluntaria limitar las actividades con la finalidad de preservar la salud de los feligreses y de la misma forma han actuado las dem\u00e1s asociaciones religiosas que hay en el estado; ahora han decidido ir abriendo poco a poco sus templos, pero observando las indicaciones sanitarias de la autoridad\u201d, dijo.<\/p>\n\n\n\n<p>En otro orden de ideas en cuanto a las agresiones de las manifestaciones pasadas a los templos se\u00f1al\u00f3 que desconoce el estado que guarda la investigaci\u00f3n de las denuncias presentadas por acciones en contra de templos religiosos.<\/p>\n\n\n\n<p>\u201cEs un tema que ve la Fiscal\u00eda General del Estado, las iglesias cat\u00f3lica y bautista presentaron sus denuncias y seguramente se les est\u00e1 dando seguimiento, pero es un tema que yo desconozco\u201d, finaliz\u00f3.<\/p>\n\n\n\n<p><\/p>\n","protected":false},"excerpt":{"rendered":"<p>Dar\u00edo Pale Xalapa, Ver.- El director de Asuntos Religiosos de la Secretar\u00eda de Gobierno, Sergio Ulises Montes Guzman dio a conocer que el gobierno del estado mantiene la recomendaci\u00f3n a las asociaciones religiosas de no abrir los templos al culto si no se hace con las medidas sanitarias recomendadas por las autoridades de salud. Entrevistado [&hellip;]<\/p>\n","protected":false},"author":1,"featured_media":3669,"comment_status":"open","ping_status":"open","sticky":false,"template":"","format":"standard","meta":{"_jetpack_memberships_contains_paid_content":false,"footnotes":""},"categories":[2],"tags":[],"class_list":["post-3668","post","type-post","status-publish","format-standard","has-post-thumbnail","hentry","category-estado"],"jetpack_featured_media_url":"https:\/\/encuentroinformativo.com.mx\/wp-content\/uploads\/2020\/06\/0CD87DF3-AE8F-47B7-8072-C669A482CBDA.jpeg","jetpack_sharing_enabled":true,"jetpack_likes_enabled":true,"amp_enabled":true,"_links":{"self":[{"href":"https:\/\/encuentroinformativo.com.mx\/index.php?rest_route=\/wp\/v2\/posts\/3668","targetHints":{"allow":["GET"]}}],"collection":[{"href":"https:\/\/encuentroinformativo.com.mx\/index.php?rest_route=\/wp\/v2\/posts"}],"about":[{"href":"https:\/\/encuentroinformativo.com.mx\/index.php?rest_route=\/wp\/v2\/types\/post"}],"author":[{"embeddable":true,"href":"https:\/\/encuentroinformativo.com.mx\/index.php?rest_route=\/wp\/v2\/users\/1"}],"replies":[{"embeddable":true,"href":"https:\/\/encuentroinformativo.com.mx\/index.php?rest_route=%2Fwp%2Fv2%2Fcomments&post=3668"}],"version-history":[{"count":1,"href":"https:\/\/encuentroinformativo.com.mx\/index.php?rest_route=\/wp\/v2\/posts\/3668\/revisions"}],"predecessor-version":[{"id":3670,"href":"https:\/\/encuentroinformativo.com.mx\/index.php?rest_route=\/wp\/v2\/posts\/3668\/revisions\/3670"}],"wp:featuredmedia":[{"embeddable":true,"href":"https:\/\/encuentroinformativo.com.mx\/index.php?rest_route=\/wp\/v2\/media\/3669"}],"wp:attachment":[{"href":"https:\/\/encuentroinformativo.com.mx\/index.php?rest_route=%2Fwp%2Fv2%2Fmedia&parent=3668"}],"wp:term":[{"taxonomy":"category","embeddable":true,"href":"https:\/\/encuentroinformativo.com.mx\/index.php?rest_route=%2Fwp%2Fv2%2Fcategories&post=3668"},{"taxonomy":"post_tag","embeddable":true,"href":"https:\/\/encuentroinformativo.com.mx\/index.php?rest_route=%2Fwp%2Fv2%2Ftags&post=3668"}],"curies":[{"name":"wp","href":"https:\/\/api.w.org\/{rel}","templated":true}]}}