{"id":36680,"date":"2023-02-12T14:29:44","date_gmt":"2023-02-12T20:29:44","guid":{"rendered":"https:\/\/encuentroinformativo.com.mx\/?p=36680"},"modified":"2023-02-12T14:29:47","modified_gmt":"2023-02-12T20:29:47","slug":"podrian-reactivar-proyecto-de-hidroelectrica-en-jalcomulco","status":"publish","type":"post","link":"https:\/\/encuentroinformativo.com.mx\/?p=36680","title":{"rendered":"Podr\u00edan reactivar proyecto de hidroel\u00e9ctrica en Jalcomulco"},"content":{"rendered":"\n<p><strong>Juan Arcos <\/strong><\/p>\n\n\n\n<p>Jalcomulco, Ver.- En el r\u00edo Los Pescados, municipio de Jalcomulco, podr\u00eda ser reactivado en cualquier momento el proyecto para la construcci\u00f3n de una presa hidroel\u00e9ctrica, situaci\u00f3n que afectar\u00eda gravemente a la zona.<\/p>\n\n\n\n<p>As\u00ed lo dio a conocer el integrante de la organizaci\u00f3n Pueblos Unidos de la Cuenca La Antigua por los R\u00edos Libres, Alejandro Gallardo, quien a\u00f1adi\u00f3 que los pobladores y ambientalistas contin\u00faan enfocados en la protecci\u00f3n del r\u00edo, pues hay intenci\u00f3n de empresas para llevar a cabo dichos trabajos en esta zona cercana a la ciudad de Xalapa, la capital del estado.<\/p>\n\n\n\n<p>Los pueblos en defensa del r\u00edo promovieron un amparo colectivo contra el decreto del entonces presidente de la Rep\u00fablica, Enrique Pe\u00f1a Nieto, que eliminaba la veda en la cuenca del r\u00edo La Antigua, obteniendo un fallo a su favor.<\/p>\n\n\n\n<p>\u201cEl hecho de que regrese la veda nos da un poco m\u00e1s de certidumbre, es un candado m\u00e1s, pero sabemos que cuando quieran lo pueden quitar, viene un presidente o este mismo, un nuevo decreto y ah\u00ed viene de nuevo\u201d, detall\u00f3.<\/p>\n\n\n\n<p>Para el resguardo de la cuenca se integraron las guardias llamadas<strong> \u201cCentinelas del R\u00edo\u201d<\/strong>, esto como parte de la resistencia en el ejido Tamarindo, municipio de Jalcomulco.<\/p>\n\n\n\n<p>All\u00ed, se frenaron los trabajos para la introducci\u00f3n de maquinaria, pues existe el proyecto para la construcci\u00f3n de una presa hidroel\u00e9ctrica en la zona.<\/p>\n\n\n\n<p>El campamento que permaneci\u00f3 en ese lugar por a\u00f1os fue desmontado por la pandemia del coronavirus, aunque la lucha no ha cesado.<\/p>\n\n\n\n<p>&#8220;Sin embargo sabemos que hay otras empresas con la intenci\u00f3n de intervenir el r\u00edo\u201d, enfatiz\u00f3 el integrante de la organizaci\u00f3n Pueblos Unidos de la Cuenca La Antigua por los R\u00edos Libres.<\/p>\n","protected":false},"excerpt":{"rendered":"<p>Juan Arcos Jalcomulco, Ver.- En el r\u00edo Los Pescados, municipio de Jalcomulco, podr\u00eda ser reactivado en cualquier momento el proyecto para la construcci\u00f3n de una presa hidroel\u00e9ctrica, situaci\u00f3n que afectar\u00eda gravemente a la zona. As\u00ed lo dio a conocer el integrante de la organizaci\u00f3n Pueblos Unidos de la Cuenca La Antigua por los R\u00edos Libres, [&hellip;]<\/p>\n","protected":false},"author":2476,"featured_media":36681,"comment_status":"open","ping_status":"open","sticky":false,"template":"","format":"standard","meta":{"_jetpack_memberships_contains_paid_content":false,"footnotes":""},"categories":[8],"tags":[],"class_list":["post-36680","post","type-post","status-publish","format-standard","has-post-thumbnail","hentry","category-region"],"jetpack_featured_media_url":"https:\/\/encuentroinformativo.com.mx\/wp-content\/uploads\/2023\/02\/IMG_7203.jpg","jetpack_sharing_enabled":true,"jetpack_likes_enabled":true,"amp_enabled":true,"_links":{"self":[{"href":"https:\/\/encuentroinformativo.com.mx\/index.php?rest_route=\/wp\/v2\/posts\/36680","targetHints":{"allow":["GET"]}}],"collection":[{"href":"https:\/\/encuentroinformativo.com.mx\/index.php?rest_route=\/wp\/v2\/posts"}],"about":[{"href":"https:\/\/encuentroinformativo.com.mx\/index.php?rest_route=\/wp\/v2\/types\/post"}],"author":[{"embeddable":true,"href":"https:\/\/encuentroinformativo.com.mx\/index.php?rest_route=\/wp\/v2\/users\/2476"}],"replies":[{"embeddable":true,"href":"https:\/\/encuentroinformativo.com.mx\/index.php?rest_route=%2Fwp%2Fv2%2Fcomments&post=36680"}],"version-history":[{"count":1,"href":"https:\/\/encuentroinformativo.com.mx\/index.php?rest_route=\/wp\/v2\/posts\/36680\/revisions"}],"predecessor-version":[{"id":36682,"href":"https:\/\/encuentroinformativo.com.mx\/index.php?rest_route=\/wp\/v2\/posts\/36680\/revisions\/36682"}],"wp:featuredmedia":[{"embeddable":true,"href":"https:\/\/encuentroinformativo.com.mx\/index.php?rest_route=\/wp\/v2\/media\/36681"}],"wp:attachment":[{"href":"https:\/\/encuentroinformativo.com.mx\/index.php?rest_route=%2Fwp%2Fv2%2Fmedia&parent=36680"}],"wp:term":[{"taxonomy":"category","embeddable":true,"href":"https:\/\/encuentroinformativo.com.mx\/index.php?rest_route=%2Fwp%2Fv2%2Fcategories&post=36680"},{"taxonomy":"post_tag","embeddable":true,"href":"https:\/\/encuentroinformativo.com.mx\/index.php?rest_route=%2Fwp%2Fv2%2Ftags&post=36680"}],"curies":[{"name":"wp","href":"https:\/\/api.w.org\/{rel}","templated":true}]}}