{"id":36692,"date":"2023-02-12T15:21:58","date_gmt":"2023-02-12T21:21:58","guid":{"rendered":"https:\/\/encuentroinformativo.com.mx\/?p=36692"},"modified":"2023-02-12T15:22:02","modified_gmt":"2023-02-12T21:22:02","slug":"plan-b-de-reforma-electoral-permitiria-candidaturas-a-violentadores-senadora","status":"publish","type":"post","link":"https:\/\/encuentroinformativo.com.mx\/?p=36692","title":{"rendered":"Plan B de Reforma Electoral, permitir\u00eda candidaturas a violentadores: Senadora"},"content":{"rendered":"\n<p><strong>Dar\u00edo Pale <\/strong><\/p>\n\n\n\n<p>Xalapa, Ver.- El plan B de la Reforma Electoral dar\u00eda candidaturas a violentadores de mujeres ya que, como parte del segundo paquete de la reforma electoral se pretende eliminar la Unidad T\u00e9cnica de Igualdad de G\u00e9nero y No Discriminaci\u00f3n, as\u00ed lo se\u00f1al\u00f3 la secretaria general del Partido Acci\u00f3n Nacional en Veracruz, Indira Rosales San Rom\u00e1n.<\/p>\n\n\n\n<p>Durante el evento Mujeres en Acci\u00f3n llevado a cabo este domingo en esta capital, resalt\u00f3 que dicha \u00e1rea es la encargada de las investigaciones de violencia pol\u00edtica en raz\u00f3n de g\u00e9nero del Instituto Nacional Electoral (INE).\u00a0<\/p>\n\n\n\n<p>Record\u00f3 que sigue pendiente de aprobarse en el Senado de la Rep\u00fablica el segundo paquete de la reforma electoral que es &#8220;exactamente igual de grave de lo que ya se aprob\u00f3&#8221;.<\/p>\n\n\n\n<p>&#8220;Por un lado esta reforma que falta que se apruebe en el Senado, pretende modificar la estructura, al grado de desaparecer la Unidad T\u00e9cnica de Igualdad de G\u00e9nero y No Discriminaci\u00f3n, siento \u00e9sta el \u00e1rea responsable de las investigaciones de violencia pol\u00edtica en raz\u00f3n de g\u00e9nero del INE&#8221;, se\u00f1al\u00f3.<\/p>\n\n\n\n<p>De esta manera se cancelar\u00eda la posibilidad de negar candidaturas a deudores alimentarios o que han ejercido violencia familiar o violencia sexual en contra de las mujeres.<\/p>\n\n\n\n<p>Refiri\u00f3 que esto tambi\u00e9n ya ha sido contemplado por la Suprema Corte de Justicia de la Naci\u00f3n (SCJN), pero de aprobarse se estar\u00eda viendo un retroceso y no habr\u00eda ning\u00fan tipo de obst\u00e1culo para que deudores alimentarios, agresores sexuales puedan presentarse como candidatos en el pr\u00f3ximo proceso electoral.<\/p>\n\n\n\n<p>Rosales San Rom\u00e1n advirti\u00f3 que al desmantelarse parte de la estructura del INE ser\u00edan despedidas miles de mujeres que hoy son trabajadoras del \u00f3rgano electoral.<\/p>\n\n\n\n<p>La tambi\u00e9n senadora consider\u00f3 que una de las cosas m\u00e1s graves del Plan B de la reforma electoral es que se disminuir\u00e1 la posibilidad de contar con un equilibrio entre hombres y mujeres en las posiciones de elecci\u00f3n popular.<\/p>\n\n\n\n<p>Adem\u00e1s, de que se cerrar\u00edan posibilidades a mujeres ind\u00edgenas, migrantes en el extranjero, con discapacidad o afromexicanas, ya que se quedar\u00eda la representaci\u00f3n en 25 espacios cuando actualmente tienen hasta 65 lugares.<\/p>\n\n\n\n<p>Manifest\u00f3 que esa ha sido una lucha que ha dado Acci\u00f3n Nacional y que hoy se pretende regresar al siglo pasado.<\/p>\n\n\n\n<p>Agreg\u00f3 que el Plan B propone candidaturas y dirigencias partidistas a discrecionalidad de los partidos pol\u00edticos y no conforme a lo que ya se encuentra establecido en la ley.<\/p>\n\n\n\n<p>&#8220;De tal forma que se corre el riesgo de que regresar una vez m\u00e1s a lo que ve\u00edamos antes de que de 10 candidaturas pr\u00e1cticamente 8 eran para hombres&#8221;, acus\u00f3.<\/p>\n\n\n\n<p>Por \u00faltimo coment\u00f3 que para la actual administraci\u00f3n pareciera que las mujeres estorban en la vida pol\u00edtica del pa\u00eds.<\/p>\n","protected":false},"excerpt":{"rendered":"<p>Dar\u00edo Pale Xalapa, Ver.- El plan B de la Reforma Electoral dar\u00eda candidaturas a violentadores de mujeres ya que, como parte del segundo paquete de la reforma electoral se pretende eliminar la Unidad T\u00e9cnica de Igualdad de G\u00e9nero y No Discriminaci\u00f3n, as\u00ed lo se\u00f1al\u00f3 la secretaria general del Partido Acci\u00f3n Nacional en Veracruz, Indira Rosales [&hellip;]<\/p>\n","protected":false},"author":2476,"featured_media":36693,"comment_status":"open","ping_status":"open","sticky":false,"template":"","format":"standard","meta":{"_jetpack_memberships_contains_paid_content":false,"footnotes":""},"categories":[12],"tags":[],"class_list":["post-36692","post","type-post","status-publish","format-standard","has-post-thumbnail","hentry","category-nacional"],"jetpack_featured_media_url":"https:\/\/encuentroinformativo.com.mx\/wp-content\/uploads\/2023\/02\/IMG-20230212-WA00422.jpg","jetpack_sharing_enabled":true,"jetpack_likes_enabled":true,"amp_enabled":true,"_links":{"self":[{"href":"https:\/\/encuentroinformativo.com.mx\/index.php?rest_route=\/wp\/v2\/posts\/36692","targetHints":{"allow":["GET"]}}],"collection":[{"href":"https:\/\/encuentroinformativo.com.mx\/index.php?rest_route=\/wp\/v2\/posts"}],"about":[{"href":"https:\/\/encuentroinformativo.com.mx\/index.php?rest_route=\/wp\/v2\/types\/post"}],"author":[{"embeddable":true,"href":"https:\/\/encuentroinformativo.com.mx\/index.php?rest_route=\/wp\/v2\/users\/2476"}],"replies":[{"embeddable":true,"href":"https:\/\/encuentroinformativo.com.mx\/index.php?rest_route=%2Fwp%2Fv2%2Fcomments&post=36692"}],"version-history":[{"count":1,"href":"https:\/\/encuentroinformativo.com.mx\/index.php?rest_route=\/wp\/v2\/posts\/36692\/revisions"}],"predecessor-version":[{"id":36694,"href":"https:\/\/encuentroinformativo.com.mx\/index.php?rest_route=\/wp\/v2\/posts\/36692\/revisions\/36694"}],"wp:featuredmedia":[{"embeddable":true,"href":"https:\/\/encuentroinformativo.com.mx\/index.php?rest_route=\/wp\/v2\/media\/36693"}],"wp:attachment":[{"href":"https:\/\/encuentroinformativo.com.mx\/index.php?rest_route=%2Fwp%2Fv2%2Fmedia&parent=36692"}],"wp:term":[{"taxonomy":"category","embeddable":true,"href":"https:\/\/encuentroinformativo.com.mx\/index.php?rest_route=%2Fwp%2Fv2%2Fcategories&post=36692"},{"taxonomy":"post_tag","embeddable":true,"href":"https:\/\/encuentroinformativo.com.mx\/index.php?rest_route=%2Fwp%2Fv2%2Ftags&post=36692"}],"curies":[{"name":"wp","href":"https:\/\/api.w.org\/{rel}","templated":true}]}}