{"id":36698,"date":"2023-02-12T20:08:45","date_gmt":"2023-02-13T02:08:45","guid":{"rendered":"https:\/\/encuentroinformativo.com.mx\/?p=36698"},"modified":"2023-02-12T20:08:49","modified_gmt":"2023-02-13T02:08:49","slug":"paso-de-frente-frio-dejo-afectaciones-en-6-municipios-pc","status":"publish","type":"post","link":"https:\/\/encuentroinformativo.com.mx\/?p=36698","title":{"rendered":"Paso de frente fr\u00edo dej\u00f3 afectaciones en 6 municipios: PC"},"content":{"rendered":"\n<p><strong>Juan Arcos<\/strong> <\/p>\n\n\n\n<p>Xalapa, Ver.- El Frente Fr\u00edo n\u00famero 31 dej\u00f3 afectaciones en al menos seis municipios de las distintas regiones del estado de Veracruz, sin que haya reporte de personas lesionadas, solo da\u00f1os materiales.<\/p>\n\n\n\n<p>La Secretar\u00eda de Protecci\u00f3n Civil (PC), a cargo de Guadalupe Osorno Maldonado, inform\u00f3 que hubo casas destechadas, as\u00ed como la ca\u00edda de \u00e1rboles, postes, bardas y hasta espectaculares por las fuertes rachas de viento que superaron los 100 kil\u00f3metros por hora, en zonas costeras.<\/p>\n\n\n\n<p>En Coatzacoalcos, al sur de la entidad, se reportan cinco viviendas afectadas por destechamiento parcial, como \u00e1rboles ca\u00eddos, as\u00ed como el desvanecimiento de un poste, un espectacular y una barda en la avenida Universidad del Club Campestre.<\/p>\n\n\n\n<p>Mientras que en Santiago Tuxtla, en la zona sur del estado, se registr\u00f3 la ca\u00edda de una barda perimetral en el pante\u00f3n municipal, sin reporte de personas lesionadas.<\/p>\n\n\n\n<p>En el puerto de Veracruz, autoridades de Protecci\u00f3n Civil informaron sobre la ca\u00edda de un poste y afectaciones en algunos ventanales de la Tienda Coppel de la calle Abasolo y Diaz Mir\u00f3n.<\/p>\n\n\n\n<p>En el municipio de \u00darsulo Galv\u00e1n, en la regi\u00f3n costera central de la entidad se dio seguimiento a una vivienda afectada por destechamiento y un \u00e1rbol ca\u00eddo.<\/p>\n\n\n\n<p>En la zona norte de Veracruz, en los municipios de \u00c1lamo Temapache y Naranjos Amatl\u00e1n, se reportaron da\u00f1os a un taxi y la ca\u00edda de un \u00e1rbol ca\u00eddo.<\/p>\n\n\n\n<p>La semana pasada el frente fr\u00edo n\u00famero 28 trajo consigo vientos que superaron los m\u00e1s de 100 kil\u00f3metros por hora, ocasionando da\u00f1os hasta en la Torre Centro, ubicada en el puerto jarocho, donde la viga met\u00e1lica de un ventanal atraves\u00f3 un veh\u00edculo particular por el parabrisas.<\/p>\n\n\n\n<p><strong>OTRO VIENTO \u201cEXPLOSIVO\u201d<\/strong><\/p>\n\n\n\n<p>La Secretar\u00eda de Protecci\u00f3n Civil del Estado de Veracruz dio a conocer la llegada de un nuevo evento de norte para la zona conturbada Veracruz-Boca del R\u00edo, en el transcurso de la siguiente semana.<\/p>\n\n\n\n<p>Se trata de nuevo sistema frontal que ingresar\u00eda al noroeste del Golfo de M\u00e9xico durante las primeras horas del jueves 16 de febrero, con rachas m\u00e1ximas de entre los 80 y 100 kil\u00f3metros por hora.<\/p>\n","protected":false},"excerpt":{"rendered":"<p>Juan Arcos Xalapa, Ver.- El Frente Fr\u00edo n\u00famero 31 dej\u00f3 afectaciones en al menos seis municipios de las distintas regiones del estado de Veracruz, sin que haya reporte de personas lesionadas, solo da\u00f1os materiales. La Secretar\u00eda de Protecci\u00f3n Civil (PC), a cargo de Guadalupe Osorno Maldonado, inform\u00f3 que hubo casas destechadas, as\u00ed como la ca\u00edda [&hellip;]<\/p>\n","protected":false},"author":2476,"featured_media":36699,"comment_status":"open","ping_status":"open","sticky":false,"template":"","format":"standard","meta":{"_jetpack_memberships_contains_paid_content":false,"footnotes":""},"categories":[2],"tags":[],"class_list":["post-36698","post","type-post","status-publish","format-standard","has-post-thumbnail","hentry","category-estado"],"jetpack_featured_media_url":"https:\/\/encuentroinformativo.com.mx\/wp-content\/uploads\/2023\/02\/IMG_2707.jpg","jetpack_sharing_enabled":true,"jetpack_likes_enabled":true,"amp_enabled":true,"_links":{"self":[{"href":"https:\/\/encuentroinformativo.com.mx\/index.php?rest_route=\/wp\/v2\/posts\/36698","targetHints":{"allow":["GET"]}}],"collection":[{"href":"https:\/\/encuentroinformativo.com.mx\/index.php?rest_route=\/wp\/v2\/posts"}],"about":[{"href":"https:\/\/encuentroinformativo.com.mx\/index.php?rest_route=\/wp\/v2\/types\/post"}],"author":[{"embeddable":true,"href":"https:\/\/encuentroinformativo.com.mx\/index.php?rest_route=\/wp\/v2\/users\/2476"}],"replies":[{"embeddable":true,"href":"https:\/\/encuentroinformativo.com.mx\/index.php?rest_route=%2Fwp%2Fv2%2Fcomments&post=36698"}],"version-history":[{"count":1,"href":"https:\/\/encuentroinformativo.com.mx\/index.php?rest_route=\/wp\/v2\/posts\/36698\/revisions"}],"predecessor-version":[{"id":36700,"href":"https:\/\/encuentroinformativo.com.mx\/index.php?rest_route=\/wp\/v2\/posts\/36698\/revisions\/36700"}],"wp:featuredmedia":[{"embeddable":true,"href":"https:\/\/encuentroinformativo.com.mx\/index.php?rest_route=\/wp\/v2\/media\/36699"}],"wp:attachment":[{"href":"https:\/\/encuentroinformativo.com.mx\/index.php?rest_route=%2Fwp%2Fv2%2Fmedia&parent=36698"}],"wp:term":[{"taxonomy":"category","embeddable":true,"href":"https:\/\/encuentroinformativo.com.mx\/index.php?rest_route=%2Fwp%2Fv2%2Fcategories&post=36698"},{"taxonomy":"post_tag","embeddable":true,"href":"https:\/\/encuentroinformativo.com.mx\/index.php?rest_route=%2Fwp%2Fv2%2Ftags&post=36698"}],"curies":[{"name":"wp","href":"https:\/\/api.w.org\/{rel}","templated":true}]}}