{"id":36701,"date":"2023-02-13T09:58:11","date_gmt":"2023-02-13T15:58:11","guid":{"rendered":"https:\/\/encuentroinformativo.com.mx\/?p=36701"},"modified":"2023-02-13T09:58:15","modified_gmt":"2023-02-13T15:58:15","slug":"precedente-ruth-eric","status":"publish","type":"post","link":"https:\/\/encuentroinformativo.com.mx\/?p=36701","title":{"rendered":"Precedente Ruth-Eric"},"content":{"rendered":"\n<p><strong>N\u00fameros Rojos<\/strong><\/p>\n\n\n\n<p><strong>Brenda Caballero<\/strong><\/p>\n\n\n\n<p>\u00bfQu\u00e9 sigue? Es la pregunta obligatoria cuando se asienta un precedente a nivel \u00a0nacional y m\u00e1s cuando el se\u00f1alado por ejercer violencia pol\u00edtica en raz\u00f3n de g\u00e9nero es un alto funcionario p\u00fablico, en este caso el mism\u00edsimo Secretario de Gobierno, el \u201cencargado\u201d de velar porque las mujeres veracruzanas no sean violentadas de ninguna forma.<\/p>\n\n\n\n<p>\u00bfSer\u00e1 incluido en el Registro Nacional de Personas Sancionadas en Materia de Violencia Pol\u00edtica contra las Mujeres en Raz\u00f3n de G\u00e9nero (RNPS) como lo indican las leyes? \u00bfAcaso ser\u00e1 Eric Patrocinio Cisneros Burgos el n\u00famero 36 de las y los violentadores correspondientes a Veracruz que actualmente est\u00e1n en tal Registro.<\/p>\n\n\n\n<p>Fue en abril de 2020 cuando en el Diario Oficial de la Federaci\u00f3n se reformaron y adicionaron diversas leyes para proteger los derechos pol\u00edticos de las mujeres, mientras que el primero de agosto de 2020, la \u00a0Sala Superior del Tribunal Electoral del Poder Judicial de la Federaci\u00f3n dict\u00f3 Sentencia en el expediente SUP-REC-91\/2020 donde orden\u00f3 al Instituto Nacional Electoral la emisi\u00f3n de Lineamientos para la creaci\u00f3n de un registro nacional de personas sancionadas por violencia pol\u00edtica por razones de g\u00e9nero. Y he aqu\u00ed que actualmente en la p\u00e1gina\u00a0<a rel=\"noreferrer noopener\" href=\"https:\/\/www.ine.mx\/actores-politicos\/registro-nacional-de-personas-sancionadas\/\" target=\"_blank\">https:\/\/www.ine.mx\/actores-politicos\/registro-nacional-de-personas-sancionadas\/<\/a>\u00a0se encuentran 312 registros a nivel nacional de los cuales, 278 personas han sido sancionadas.<\/p>\n\n\n\n<p>Pero, para que el Secretario de Gobierno (al que por cierto deber\u00eda valorarse su permanencia en su encargo, pues recordemos que todos los violentadores en Veracruz han sido retirados del mismo mientras est\u00e1 el proceso de investigaci\u00f3n) llegue a ese padr\u00f3n, es necesario que el Organismo P\u00fablico Local Electoral (OPLE) Veracruz revise a fondo si las respuestas que dio el Secretario de Gobierno, Eric Patrocinio Cisneros Burgos, a la diputada de Movimiento Ciudadano, Ruth Callejas Rold\u00e1n, durante su comparecencia en diciembre pasado, configuran violencia pol\u00edtica de g\u00e9nero.\u00bfQu\u00e9 har\u00e1 el OPLE? \u00bfMinimizar\u00e1 la resoluci\u00f3n de la Sala Superior como anteriormente lo hizo desechando la denuncia de la diputada?<\/p>\n\n\n\n<p>Ser\u00e1 interesante ver la respuesta final del OPLE, pues con ello estar\u00e1 mandando un mensaje de protecci\u00f3n o sanci\u00f3n a los violentadores de mujeres en el pr\u00f3ximo proceso electoral en Veracruz a celebrarse en 2024.Ahora bien, si el OPLE resuelve que el Secretario de Gobierno s\u00ed ejerci\u00f3 violencia pol\u00edtica contra Ruth Callejas, \u00e9ste debe ser ingresado en el Registro Nacional y con ello ser\u00eda inhabilitado para participar en el siguiente proceso electoral de 2024.<\/p>\n\n\n\n<p>\u00bfCu\u00e1nto tiempo permanecer\u00eda en el Registro? En el acuerdo del INEGI CG269\/2020 podr\u00eda permanecer 3 a\u00f1os si la falta es leve, 4 a\u00f1os, si la falta es ordinaria; 5 a\u00f1os, si la falta es especial o 6 a\u00f1os si es reincidente.\u00a0 Vale la pena mencionar que el mismo acuerdo indica que existe agravante cuando la violencia sea cometida por un servidor p\u00fablico, como es este caso.\u00a0Veracruz es el segundo estado a nivel nacional donde las mujeres han sufrido violencia pol\u00edtica en raz\u00f3n de g\u00e9nero.Sin duda, la diputada Ruth Callejas Rold\u00e1n hizo lo que muchas otras mujeres no se han atrevido por miedo al nivel de encargo de Cisneros Burgos, pero existen antecedentes, como las declaraciones en video de una alcaldesa y denuncia ante la Fiscal\u00eda Estatal de una diputada sin que hasta el momento haya una resoluci\u00f3n o sanci\u00f3n contra el funcionario.Lo hecho por Ruth en favor de las mujeres veracruzanas, sin duda la coloca como una carta fuerte de su partido a contender por una diputaci\u00f3n federal, una senadur\u00eda, y por qu\u00e9 no, como candidata a la Gubernatura de Veracruz.<\/p>\n\n\n\n<p>\u00bfQui\u00e9n podr\u00eda defender mejor a las mujeres que ella?<\/p>\n\n\n\n<p><br><a rel=\"noreferrer noopener\" href=\"mailto:caballero_brenda@hotmail.com\" target=\"_blank\">caballero_brenda@hotmail.com<\/a><\/p>\n\n\n\n<p>@NumerosRojos_BC<\/p>\n","protected":false},"excerpt":{"rendered":"<p>N\u00fameros Rojos Brenda Caballero \u00bfQu\u00e9 sigue? Es la pregunta obligatoria cuando se asienta un precedente a nivel \u00a0nacional y m\u00e1s cuando el se\u00f1alado por ejercer violencia pol\u00edtica en raz\u00f3n de g\u00e9nero es un alto funcionario p\u00fablico, en este caso el mism\u00edsimo Secretario de Gobierno, el \u201cencargado\u201d de velar porque las mujeres veracruzanas no sean violentadas [&hellip;]<\/p>\n","protected":false},"author":2476,"featured_media":387,"comment_status":"open","ping_status":"open","sticky":false,"template":"","format":"standard","meta":{"_jetpack_memberships_contains_paid_content":false,"footnotes":""},"categories":[11],"tags":[],"class_list":["post-36701","post","type-post","status-publish","format-standard","has-post-thumbnail","hentry","category-opinion"],"jetpack_featured_media_url":"https:\/\/encuentroinformativo.com.mx\/wp-content\/uploads\/2020\/03\/7CF8A22B-2764-47BE-8F7F-38FE9E5D6A2F.jpeg","jetpack_sharing_enabled":true,"jetpack_likes_enabled":true,"amp_enabled":true,"_links":{"self":[{"href":"https:\/\/encuentroinformativo.com.mx\/index.php?rest_route=\/wp\/v2\/posts\/36701","targetHints":{"allow":["GET"]}}],"collection":[{"href":"https:\/\/encuentroinformativo.com.mx\/index.php?rest_route=\/wp\/v2\/posts"}],"about":[{"href":"https:\/\/encuentroinformativo.com.mx\/index.php?rest_route=\/wp\/v2\/types\/post"}],"author":[{"embeddable":true,"href":"https:\/\/encuentroinformativo.com.mx\/index.php?rest_route=\/wp\/v2\/users\/2476"}],"replies":[{"embeddable":true,"href":"https:\/\/encuentroinformativo.com.mx\/index.php?rest_route=%2Fwp%2Fv2%2Fcomments&post=36701"}],"version-history":[{"count":1,"href":"https:\/\/encuentroinformativo.com.mx\/index.php?rest_route=\/wp\/v2\/posts\/36701\/revisions"}],"predecessor-version":[{"id":36702,"href":"https:\/\/encuentroinformativo.com.mx\/index.php?rest_route=\/wp\/v2\/posts\/36701\/revisions\/36702"}],"wp:featuredmedia":[{"embeddable":true,"href":"https:\/\/encuentroinformativo.com.mx\/index.php?rest_route=\/wp\/v2\/media\/387"}],"wp:attachment":[{"href":"https:\/\/encuentroinformativo.com.mx\/index.php?rest_route=%2Fwp%2Fv2%2Fmedia&parent=36701"}],"wp:term":[{"taxonomy":"category","embeddable":true,"href":"https:\/\/encuentroinformativo.com.mx\/index.php?rest_route=%2Fwp%2Fv2%2Fcategories&post=36701"},{"taxonomy":"post_tag","embeddable":true,"href":"https:\/\/encuentroinformativo.com.mx\/index.php?rest_route=%2Fwp%2Fv2%2Ftags&post=36701"}],"curies":[{"name":"wp","href":"https:\/\/api.w.org\/{rel}","templated":true}]}}