{"id":36706,"date":"2023-02-13T11:25:25","date_gmt":"2023-02-13T17:25:25","guid":{"rendered":"https:\/\/encuentroinformativo.com.mx\/?p=36706"},"modified":"2023-02-13T11:25:29","modified_gmt":"2023-02-13T17:25:29","slug":"padres-reclaman-docentes-para-primaria-de-alto-lucero","status":"publish","type":"post","link":"https:\/\/encuentroinformativo.com.mx\/?p=36706","title":{"rendered":"Padres reclaman docentes para primaria de Alto Lucero"},"content":{"rendered":"\n<p><strong>Juan Arcos<\/strong> <\/p>\n\n\n\n<p>Xalapa, Ver.- Madres y padres de familia de la escuela primaria estatal \u201cBenito Ju\u00e1rez\u201d, ubicada en localidad Monteverde, municipio de Alto Lucero, protestaron y tomaron las oficinas centrales de la Secretar\u00eda de Educaci\u00f3n de Veracruz (SEV) para exigir la asignaci\u00f3n de un docente.<\/p>\n\n\n\n<p>Los quejosos arribaron a la dependencia estatal alrededor de las siete y media de la ma\u00f1ana de este lunes 13 de febrero, donde impidieron el acceso al personal de edificio, ubicado sobre la carretera Xalapa-Veracruz.<\/p>\n\n\n\n<p>De acuerdo con la presidenta de la Asociaci\u00f3n de Padres de Familia, Oralia \u00c1vila San Gabriel, desde hace un a\u00f1o carecen de un profesor, lo que afecta directamente a 14 estudiantes del quinto grado.<\/p>\n\n\n\n<p>&#8220;El maestro maltrataba a los ni\u00f1os verbalmente y los ni\u00f1os empezaron a dejar de ir a la escuela, lo venimos a reportar, el maestro se fue sin decir nada y hasta ahorita no tenemos respuesta de nada\u201d, expres\u00f3.<\/p>\n\n\n\n<p>Los quejosos exigieron una audiencia con autoridades educativas para que sean atendidas sus demandas lo antes posible y se evite una mayor afectaci\u00f3n a los alumnos.<\/p>\n\n\n\n<p>\u201cNo nos queremos quitar a de aqu\u00ed hasta que nos den una respuesta o que nos digan qu\u00e9 maestro nos pueden asignar\u201d, expres\u00f3 la madre de familia.<\/p>\n\n\n\n<p>En la escuela primaria hay una matr\u00edcula de 93 estudiantes, comentaron las mam\u00e1s y pap\u00e1s durante la protesta.<\/p>\n\n\n\n<p>En planteles de la regi\u00f3n capital han sido constantes las quejas ciudadanas por la falta de docentes en las aulas. Esto ha pasado en escuelas de Coatepec, Xico y Teocelo.<\/p>\n\n\n\n<figure class=\"wp-block-image size-large\"><img loading=\"lazy\" decoding=\"async\" width=\"961\" height=\"721\" src=\"https:\/\/encuentroinformativo.com.mx\/wp-content\/uploads\/2023\/02\/742998a3-2e76-4153-b02d-c26cb01cf46b.jpg\" alt=\"\" class=\"wp-image-36708\" srcset=\"https:\/\/encuentroinformativo.com.mx\/wp-content\/uploads\/2023\/02\/742998a3-2e76-4153-b02d-c26cb01cf46b.jpg 961w, https:\/\/encuentroinformativo.com.mx\/wp-content\/uploads\/2023\/02\/742998a3-2e76-4153-b02d-c26cb01cf46b-300x225.jpg 300w, https:\/\/encuentroinformativo.com.mx\/wp-content\/uploads\/2023\/02\/742998a3-2e76-4153-b02d-c26cb01cf46b-768x576.jpg 768w\" sizes=\"auto, (max-width: 961px) 100vw, 961px\" \/><\/figure>\n","protected":false},"excerpt":{"rendered":"<p>Juan Arcos Xalapa, Ver.- Madres y padres de familia de la escuela primaria estatal \u201cBenito Ju\u00e1rez\u201d, ubicada en localidad Monteverde, municipio de Alto Lucero, protestaron y tomaron las oficinas centrales de la Secretar\u00eda de Educaci\u00f3n de Veracruz (SEV) para exigir la asignaci\u00f3n de un docente. Los quejosos arribaron a la dependencia estatal alrededor de las [&hellip;]<\/p>\n","protected":false},"author":2476,"featured_media":36707,"comment_status":"open","ping_status":"open","sticky":false,"template":"","format":"standard","meta":{"_jetpack_memberships_contains_paid_content":false,"footnotes":""},"categories":[8],"tags":[],"class_list":["post-36706","post","type-post","status-publish","format-standard","has-post-thumbnail","hentry","category-region"],"jetpack_featured_media_url":"https:\/\/encuentroinformativo.com.mx\/wp-content\/uploads\/2023\/02\/8bfff458-c183-40fc-b0ab-557025f1e733.jpg","jetpack_sharing_enabled":true,"jetpack_likes_enabled":true,"amp_enabled":true,"_links":{"self":[{"href":"https:\/\/encuentroinformativo.com.mx\/index.php?rest_route=\/wp\/v2\/posts\/36706","targetHints":{"allow":["GET"]}}],"collection":[{"href":"https:\/\/encuentroinformativo.com.mx\/index.php?rest_route=\/wp\/v2\/posts"}],"about":[{"href":"https:\/\/encuentroinformativo.com.mx\/index.php?rest_route=\/wp\/v2\/types\/post"}],"author":[{"embeddable":true,"href":"https:\/\/encuentroinformativo.com.mx\/index.php?rest_route=\/wp\/v2\/users\/2476"}],"replies":[{"embeddable":true,"href":"https:\/\/encuentroinformativo.com.mx\/index.php?rest_route=%2Fwp%2Fv2%2Fcomments&post=36706"}],"version-history":[{"count":1,"href":"https:\/\/encuentroinformativo.com.mx\/index.php?rest_route=\/wp\/v2\/posts\/36706\/revisions"}],"predecessor-version":[{"id":36709,"href":"https:\/\/encuentroinformativo.com.mx\/index.php?rest_route=\/wp\/v2\/posts\/36706\/revisions\/36709"}],"wp:featuredmedia":[{"embeddable":true,"href":"https:\/\/encuentroinformativo.com.mx\/index.php?rest_route=\/wp\/v2\/media\/36707"}],"wp:attachment":[{"href":"https:\/\/encuentroinformativo.com.mx\/index.php?rest_route=%2Fwp%2Fv2%2Fmedia&parent=36706"}],"wp:term":[{"taxonomy":"category","embeddable":true,"href":"https:\/\/encuentroinformativo.com.mx\/index.php?rest_route=%2Fwp%2Fv2%2Fcategories&post=36706"},{"taxonomy":"post_tag","embeddable":true,"href":"https:\/\/encuentroinformativo.com.mx\/index.php?rest_route=%2Fwp%2Fv2%2Ftags&post=36706"}],"curies":[{"name":"wp","href":"https:\/\/api.w.org\/{rel}","templated":true}]}}