{"id":36716,"date":"2023-02-13T12:50:44","date_gmt":"2023-02-13T18:50:44","guid":{"rendered":"https:\/\/encuentroinformativo.com.mx\/?p=36716"},"modified":"2023-02-13T12:50:48","modified_gmt":"2023-02-13T18:50:48","slug":"extrabajadores-del-ingenio-la-concepcion-esperan-pago-de-laudos-desde-2008","status":"publish","type":"post","link":"https:\/\/encuentroinformativo.com.mx\/?p=36716","title":{"rendered":"Extrabajadores del ingenio La Concepci\u00f3n esperan pago de laudos desde 2008"},"content":{"rendered":"\n<p><strong>Juan Arcos <\/strong><\/p>\n\n\n\n<p>Xalapa, Ver.- Extrabajadores del ingenio La Concepcion, ubicado en el municipio de Jilotepec, protestaron afuera de la Junta Federal de Conciliaci\u00f3n y Arbitraje, para denunciar que desde hace 15 a\u00f1os no se han pagado dos laudos por el despido injustificado de 41 personas.<\/p>\n\n\n\n<p>Los inconformes se concentraron afuera de la Torre Olmo, que se encuentra en la zona sur de esta ciudad de Xalapa, en busca de una mesa de negociaciones para que sea atendida la resoluci\u00f3n judicial.<\/p>\n\n\n\n<p>Se trata de los laudos 321\/2003 y 248\/2003, promovidos por dos grupos de extrabajadores, uno de 22 integrantes y el otro de 19, respectivamente, cuya resoluci\u00f3n fue emitida el 8 de agosto de 2008.<\/p>\n\n\n\n<p>De acuerdo con Ricardo Solano Zamora, quien se desempe\u00f1aba como jefe de campo, ellos fueron despedidos en el a\u00f1o 2003 bajo un convenio que hizo el due\u00f1o del ingenio, L\u00e1zaro Ross Torres, con el gobierno, que en ese entonces encabezaba Miguel Alem\u00e1n.<\/p>\n\n\n\n<p>\u201cEn la Secretar\u00eda de Gobierno hubo un convenio donde Ross les rent\u00f3, les pas\u00f3 el ingenio a los ca\u00f1eros, a los del sindicato de obreros y a nosotros como trabajadores de confianza ni nos tomaron en cuenta, no aparecemos en ese convenio. Esa empresa fue adquirida por el gobierno del estado, que hasta la fecha hay administradores en el ingenio, les paga la Sedarpa, es de Gobierno del estado. C\u00f3mo es posible que tenemos 15 a\u00f1os del laudo y la junta federal no resuelve el problema\u201d, expres\u00f3.<\/p>\n\n\n\n<p>Se adeudan m\u00e1s de 80 millones de pesos a los extrabajadores de este ingenio, mejor conocido como \u201cLa Concha\u201d, que se localiza en la regi\u00f3n capital del estado de Veracruz, cerca de esta ciudad de Xalapa.<\/p>\n\n\n\n<p>Los quejosos amagaron con viajar a la Ciudad de M\u00e9xico y manifestarse durante la conferencia ma\u00f1anera del presidente de la Rep\u00fablica, Andr\u00e9s Manuel L\u00f3pez Obrador, para que sean atendidas sus demandas.<\/p>\n\n\n\n<p>\u201cNosotros hemos pedido la ayuda del gobierno estatal y federal pero la respuesta es que aqu\u00ed tiene que resolver el problema (Junta Federal de Conciliaci\u00f3n y Arbitraje), nosotros quisi\u00e9ramos que esto llegara a la Secretar\u00eda del Trabajo y Previsi\u00f3n Social en M\u00e9xico para que se ponga atenci\u00f3n a este asunto\u201d, a\u00f1adieron.<\/p>\n\n\n\n<p>Cuando los trabajadores estaban a cargo del ingenio \u201cLa Concha\u201d se produc\u00edan 30 mil toneladas de az\u00facar en cada zafra y 310 mil toneladas de ca\u00f1a molida, pero despu\u00e9s las cifras disminuyeron de manera considerable.<\/p>\n\n\n\n<p>\u201cEn una zafra se molieron casi 350 mil toneladas de ca\u00f1a, muy buena producci\u00f3n para un ingenio peque\u00f1o. La zafra dura seis meses, a nivel nacional arrancan el mes de noviembre y terminan en mayo por las lluvias\u201d, enfatizaron.<\/p>\n\n\n\n<figure class=\"wp-block-image size-large\"><img loading=\"lazy\" decoding=\"async\" width=\"1024\" height=\"576\" src=\"https:\/\/encuentroinformativo.com.mx\/wp-content\/uploads\/2023\/02\/IMG_2775-1024x576.jpg\" alt=\"\" class=\"wp-image-36718\" srcset=\"https:\/\/encuentroinformativo.com.mx\/wp-content\/uploads\/2023\/02\/IMG_2775-1024x576.jpg 1024w, https:\/\/encuentroinformativo.com.mx\/wp-content\/uploads\/2023\/02\/IMG_2775-300x169.jpg 300w, https:\/\/encuentroinformativo.com.mx\/wp-content\/uploads\/2023\/02\/IMG_2775-768x432.jpg 768w, https:\/\/encuentroinformativo.com.mx\/wp-content\/uploads\/2023\/02\/IMG_2775-1536x864.jpg 1536w, https:\/\/encuentroinformativo.com.mx\/wp-content\/uploads\/2023\/02\/IMG_2775.jpg 1760w\" sizes=\"auto, (max-width: 1024px) 100vw, 1024px\" \/><\/figure>\n","protected":false},"excerpt":{"rendered":"<p>Juan Arcos Xalapa, Ver.- Extrabajadores del ingenio La Concepcion, ubicado en el municipio de Jilotepec, protestaron afuera de la Junta Federal de Conciliaci\u00f3n y Arbitraje, para denunciar que desde hace 15 a\u00f1os no se han pagado dos laudos por el despido injustificado de 41 personas. Los inconformes se concentraron afuera de la Torre Olmo, que [&hellip;]<\/p>\n","protected":false},"author":2476,"featured_media":36717,"comment_status":"open","ping_status":"open","sticky":false,"template":"","format":"standard","meta":{"_jetpack_memberships_contains_paid_content":false,"footnotes":""},"categories":[8],"tags":[],"class_list":["post-36716","post","type-post","status-publish","format-standard","has-post-thumbnail","hentry","category-region"],"jetpack_featured_media_url":"https:\/\/encuentroinformativo.com.mx\/wp-content\/uploads\/2023\/02\/IMG_2746.jpg","jetpack_sharing_enabled":true,"jetpack_likes_enabled":true,"amp_enabled":true,"_links":{"self":[{"href":"https:\/\/encuentroinformativo.com.mx\/index.php?rest_route=\/wp\/v2\/posts\/36716","targetHints":{"allow":["GET"]}}],"collection":[{"href":"https:\/\/encuentroinformativo.com.mx\/index.php?rest_route=\/wp\/v2\/posts"}],"about":[{"href":"https:\/\/encuentroinformativo.com.mx\/index.php?rest_route=\/wp\/v2\/types\/post"}],"author":[{"embeddable":true,"href":"https:\/\/encuentroinformativo.com.mx\/index.php?rest_route=\/wp\/v2\/users\/2476"}],"replies":[{"embeddable":true,"href":"https:\/\/encuentroinformativo.com.mx\/index.php?rest_route=%2Fwp%2Fv2%2Fcomments&post=36716"}],"version-history":[{"count":1,"href":"https:\/\/encuentroinformativo.com.mx\/index.php?rest_route=\/wp\/v2\/posts\/36716\/revisions"}],"predecessor-version":[{"id":36719,"href":"https:\/\/encuentroinformativo.com.mx\/index.php?rest_route=\/wp\/v2\/posts\/36716\/revisions\/36719"}],"wp:featuredmedia":[{"embeddable":true,"href":"https:\/\/encuentroinformativo.com.mx\/index.php?rest_route=\/wp\/v2\/media\/36717"}],"wp:attachment":[{"href":"https:\/\/encuentroinformativo.com.mx\/index.php?rest_route=%2Fwp%2Fv2%2Fmedia&parent=36716"}],"wp:term":[{"taxonomy":"category","embeddable":true,"href":"https:\/\/encuentroinformativo.com.mx\/index.php?rest_route=%2Fwp%2Fv2%2Fcategories&post=36716"},{"taxonomy":"post_tag","embeddable":true,"href":"https:\/\/encuentroinformativo.com.mx\/index.php?rest_route=%2Fwp%2Fv2%2Ftags&post=36716"}],"curies":[{"name":"wp","href":"https:\/\/api.w.org\/{rel}","templated":true}]}}