{"id":36720,"date":"2023-02-13T13:01:08","date_gmt":"2023-02-13T19:01:08","guid":{"rendered":"https:\/\/encuentroinformativo.com.mx\/?p=36720"},"modified":"2023-02-13T13:01:11","modified_gmt":"2023-02-13T19:01:11","slug":"impulsa-colver-programas-academicos-y-culturales","status":"publish","type":"post","link":"https:\/\/encuentroinformativo.com.mx\/?p=36720","title":{"rendered":"Impulsa COLVER programas acad\u00e9micos y culturales"},"content":{"rendered":"\n<p><strong>Israel Garc\u00eda<\/strong> <\/p>\n\n\n\n<p>Xalapa, Ver.- La Subdirectora Acad\u00e9mica del Colegio de Veracruz (COLVER) Mar\u00eda del Carmen Celis, inform\u00f3 que a dos meses del a\u00f1o 2023, vamos avanzando, con nuevas propuestas y desarrollando programas en los \u00e1mbitos acad\u00e9mico y cultural para las y los j\u00f3venes.<\/p>\n\n\n\n<p>En entrevista se\u00f1al\u00f3 que el objetivo es para que la poblaci\u00f3n joven conozca la historia de nuestro pa\u00eds, estado; ante lo cual el COLVER se une al d\u00eda Internacional de la Lengua Materna y al Vig\u00e9simo Aniversario a la Lengua Ind\u00edgena.<\/p>\n\n\n\n<p>En ese sentido se llevar\u00e1 a efecto un programa de bienvenida para el nuevo ciclo escolar a los egresados.<\/p>\n\n\n\n<p>En este gran evento contar\u00e1n con la presencia de la Senadora Susan Harp Iturribarria, el Maestro Natalio Hern\u00e1ndez, y el Rector Mario Ra\u00fal Mijares S\u00e1nchez, explic\u00f3 la subdirectora que es un programa bastante simb\u00f3lico y muy significativo para el Colegio.<\/p>\n\n\n\n<p>El d\u00eda 27 de febrero a las 12:00 del d\u00eda en el Colegio de Veracruz se realizar\u00e1 el Honoris causa 2023 en el Marco de la Conmemoraci\u00f3n del d\u00eda Internacional de la Lengua Materna.<\/p>\n","protected":false},"excerpt":{"rendered":"<p>Israel Garc\u00eda Xalapa, Ver.- La Subdirectora Acad\u00e9mica del Colegio de Veracruz (COLVER) Mar\u00eda del Carmen Celis, inform\u00f3 que a dos meses del a\u00f1o 2023, vamos avanzando, con nuevas propuestas y desarrollando programas en los \u00e1mbitos acad\u00e9mico y cultural para las y los j\u00f3venes. En entrevista se\u00f1al\u00f3 que el objetivo es para que la poblaci\u00f3n joven [&hellip;]<\/p>\n","protected":false},"author":2476,"featured_media":36721,"comment_status":"open","ping_status":"open","sticky":false,"template":"","format":"standard","meta":{"_jetpack_memberships_contains_paid_content":false,"footnotes":""},"categories":[2],"tags":[],"class_list":["post-36720","post","type-post","status-publish","format-standard","has-post-thumbnail","hentry","category-estado"],"jetpack_featured_media_url":"https:\/\/encuentroinformativo.com.mx\/wp-content\/uploads\/2023\/02\/Photo_1676314305012.jpg","jetpack_sharing_enabled":true,"jetpack_likes_enabled":true,"amp_enabled":true,"_links":{"self":[{"href":"https:\/\/encuentroinformativo.com.mx\/index.php?rest_route=\/wp\/v2\/posts\/36720","targetHints":{"allow":["GET"]}}],"collection":[{"href":"https:\/\/encuentroinformativo.com.mx\/index.php?rest_route=\/wp\/v2\/posts"}],"about":[{"href":"https:\/\/encuentroinformativo.com.mx\/index.php?rest_route=\/wp\/v2\/types\/post"}],"author":[{"embeddable":true,"href":"https:\/\/encuentroinformativo.com.mx\/index.php?rest_route=\/wp\/v2\/users\/2476"}],"replies":[{"embeddable":true,"href":"https:\/\/encuentroinformativo.com.mx\/index.php?rest_route=%2Fwp%2Fv2%2Fcomments&post=36720"}],"version-history":[{"count":1,"href":"https:\/\/encuentroinformativo.com.mx\/index.php?rest_route=\/wp\/v2\/posts\/36720\/revisions"}],"predecessor-version":[{"id":36722,"href":"https:\/\/encuentroinformativo.com.mx\/index.php?rest_route=\/wp\/v2\/posts\/36720\/revisions\/36722"}],"wp:featuredmedia":[{"embeddable":true,"href":"https:\/\/encuentroinformativo.com.mx\/index.php?rest_route=\/wp\/v2\/media\/36721"}],"wp:attachment":[{"href":"https:\/\/encuentroinformativo.com.mx\/index.php?rest_route=%2Fwp%2Fv2%2Fmedia&parent=36720"}],"wp:term":[{"taxonomy":"category","embeddable":true,"href":"https:\/\/encuentroinformativo.com.mx\/index.php?rest_route=%2Fwp%2Fv2%2Fcategories&post=36720"},{"taxonomy":"post_tag","embeddable":true,"href":"https:\/\/encuentroinformativo.com.mx\/index.php?rest_route=%2Fwp%2Fv2%2Ftags&post=36720"}],"curies":[{"name":"wp","href":"https:\/\/api.w.org\/{rel}","templated":true}]}}