{"id":36729,"date":"2023-02-13T13:57:37","date_gmt":"2023-02-13T19:57:37","guid":{"rendered":"https:\/\/encuentroinformativo.com.mx\/?p=36729"},"modified":"2023-02-13T13:57:41","modified_gmt":"2023-02-13T19:57:41","slug":"nuevo-equipo-de-futbol-se-llamara-veracruz-cuitlahuac-garcia","status":"publish","type":"post","link":"https:\/\/encuentroinformativo.com.mx\/?p=36729","title":{"rendered":"Nuevo equipo de f\u00fatbol se llamar\u00e1 Veracruz: Cuitl\u00e1huac Garc\u00eda"},"content":{"rendered":"\n<p><strong>Alejandro \u00c1vila<\/strong><\/p>\n\n\n\n<p>Boca del R\u00edo, Ver.- El nuevo equipo de f\u00fatbol que jugar\u00e1 en el remodelado estadio Luis &#8220;Pirata&#8221; de la Fuente se llamar\u00e1 Veracruz, confirm\u00f3 el gobernador, Cuitl\u00e1huac Garc\u00eda Jim\u00e9nez la tarde de este lunes en rueda de prensa ofrecida a las afueras del inmueble.<\/p>\n\n\n\n<p>De la misma manera, se\u00f1al\u00f3 que los empresarios que obtengan una franquicia para jugar, en lo que seguramente ser\u00e1 la Liga de Expansi\u00f3n MX, decidir\u00e1n el mote o pseud\u00f3nimo que se le ponga al nuevo club deportivo de f\u00fatbol.<\/p>\n\n\n\n<p>&#8220;Si queremos f\u00fatbol profesional aqu\u00ed en Veracruz tenemos que jugar con las condiciones que dice la Federaci\u00f3n Mexicana, y la Federaci\u00f3n Mexicana dice que est\u00e1 vetado el nombre de Tiburones Rojos de Veracruz, y podr\u00edamos incluso tratar de entrar en esa negociaci\u00f3n pero ya es determinante porque la FIFA tambi\u00e9n determin\u00f3 que no puede usarse ese nombre en el f\u00fatbol profesional&#8221;.<\/p>\n\n\n\n<p>&#8220;Y con esas condiciones, decirles que ya hemos hablado con una empresa que formalmente tiene el inter\u00e9s de meter un equipo de f\u00fatbol y que se va a hacer lo que se ha hecho con otros nombres de equipos\u2026 pues <strong>el nombre que le hemos pedido aqu\u00ed a los empresarios es que sea el de Veracruz, que lleve el nombre de Veracruz&#8221;, resalt\u00f3.<\/strong><\/p>\n\n\n\n<p>En cu\u00e1nto al estadio, dijo que en una primera etapa se invertir\u00e1n 400 millones de pesos y se estima que esta est\u00e9 lista para el mes de octubre, posteriormente se har\u00e1 otra inversi\u00f3n para terminar con los detalles de la remodelaci\u00f3n.<\/p>\n\n\n\n<p>En cu\u00e1nto las declaraciones de Fidel Kuri Grajales, qui\u00e9n dijo continuar\u00e1 su litigio por recuperar el nombre de los Tiburones Rojos y la franquicia, expuso que para el Gobierno del Estado es un tema irrelevante.<\/p>\n\n\n\n<p>&#8220;Pues ya lo que diga el que lo administr\u00f3 pues all\u00e1 \u00e9l, \u00e9l tiene un litigio personal con otro particular, es un tema entre particulares en el que nosotros no nos vamos a meter, nosotros como lo hab\u00eda dicho administramos el bien del pueblo, este estadio es del pueblo, y ese se\u00f1or dir\u00e1 misa pero esto es del pueblo&#8221;, remat\u00f3.<\/p>\n","protected":false},"excerpt":{"rendered":"<p>Alejandro \u00c1vila Boca del R\u00edo, Ver.- El nuevo equipo de f\u00fatbol que jugar\u00e1 en el remodelado estadio Luis &#8220;Pirata&#8221; de la Fuente se llamar\u00e1 Veracruz, confirm\u00f3 el gobernador, Cuitl\u00e1huac Garc\u00eda Jim\u00e9nez la tarde de este lunes en rueda de prensa ofrecida a las afueras del inmueble. De la misma manera, se\u00f1al\u00f3 que los empresarios que [&hellip;]<\/p>\n","protected":false},"author":2476,"featured_media":36730,"comment_status":"open","ping_status":"open","sticky":false,"template":"","format":"standard","meta":{"_jetpack_memberships_contains_paid_content":false,"footnotes":""},"categories":[2],"tags":[],"class_list":["post-36729","post","type-post","status-publish","format-standard","has-post-thumbnail","hentry","category-estado"],"jetpack_featured_media_url":"https:\/\/encuentroinformativo.com.mx\/wp-content\/uploads\/2023\/02\/IMG-20230213-WA0083.jpg","jetpack_sharing_enabled":true,"jetpack_likes_enabled":true,"amp_enabled":true,"_links":{"self":[{"href":"https:\/\/encuentroinformativo.com.mx\/index.php?rest_route=\/wp\/v2\/posts\/36729","targetHints":{"allow":["GET"]}}],"collection":[{"href":"https:\/\/encuentroinformativo.com.mx\/index.php?rest_route=\/wp\/v2\/posts"}],"about":[{"href":"https:\/\/encuentroinformativo.com.mx\/index.php?rest_route=\/wp\/v2\/types\/post"}],"author":[{"embeddable":true,"href":"https:\/\/encuentroinformativo.com.mx\/index.php?rest_route=\/wp\/v2\/users\/2476"}],"replies":[{"embeddable":true,"href":"https:\/\/encuentroinformativo.com.mx\/index.php?rest_route=%2Fwp%2Fv2%2Fcomments&post=36729"}],"version-history":[{"count":1,"href":"https:\/\/encuentroinformativo.com.mx\/index.php?rest_route=\/wp\/v2\/posts\/36729\/revisions"}],"predecessor-version":[{"id":36731,"href":"https:\/\/encuentroinformativo.com.mx\/index.php?rest_route=\/wp\/v2\/posts\/36729\/revisions\/36731"}],"wp:featuredmedia":[{"embeddable":true,"href":"https:\/\/encuentroinformativo.com.mx\/index.php?rest_route=\/wp\/v2\/media\/36730"}],"wp:attachment":[{"href":"https:\/\/encuentroinformativo.com.mx\/index.php?rest_route=%2Fwp%2Fv2%2Fmedia&parent=36729"}],"wp:term":[{"taxonomy":"category","embeddable":true,"href":"https:\/\/encuentroinformativo.com.mx\/index.php?rest_route=%2Fwp%2Fv2%2Fcategories&post=36729"},{"taxonomy":"post_tag","embeddable":true,"href":"https:\/\/encuentroinformativo.com.mx\/index.php?rest_route=%2Fwp%2Fv2%2Ftags&post=36729"}],"curies":[{"name":"wp","href":"https:\/\/api.w.org\/{rel}","templated":true}]}}