{"id":36732,"date":"2023-02-13T11:07:51","date_gmt":"2023-02-13T17:07:51","guid":{"rendered":"https:\/\/encuentroinformativo.com.mx\/?p=36732"},"modified":"2023-02-13T14:13:36","modified_gmt":"2023-02-13T20:13:36","slug":"instalan-caseta-de-policia-para-colonias-inseguras-del-puerto","status":"publish","type":"post","link":"https:\/\/encuentroinformativo.com.mx\/?p=36732","title":{"rendered":"Instalan caseta de polic\u00eda para colonias inseguras del puerto"},"content":{"rendered":"\n<p><strong>Alejandro \u00c1vila<\/strong><\/p>\n\n\n\n<p>Veracruz, Ver.- El Ayuntamiento de Veracruz instal\u00f3 una caseta de polic\u00eda en el fraccionamiento Laguna Real, con lo que se busca erradicar el alto \u00edndice de robos en al menos tres colonias de la zona.<\/p>\n\n\n\n<p>La banda juvenil &#8220;Los Durazo&#8221; quienes siembran el terror en los fraccionamientos Laguna Real, Casas D\u00edaz, colonia Serd\u00e1n y El Coyol, podr\u00eda ver mermados sus actos delictivos, pues se incrementar\u00e1 el patrullaje y vigilancia en la zona poniente del municipio.<\/p>\n\n\n\n<p>&#8220;Esta caseta en la zona de Laguna Real era muy importante, nos hicieron la petici\u00f3n ya desde el a\u00f1o pasado y el d\u00eda de hoy ya la estamos inaugurando\u2026 la respuesta de los elementos de la polic\u00eda puede ser m\u00e1s pronta en esta zona de la ciudad (\u2026) es Polic\u00eda Municipal la que va a estar aqu\u00ed, lo cual para nosotros puede ser m\u00e1s f\u00e1cil la comunicaci\u00f3n, entre los vecinos, la polic\u00eda y el municipio&#8221;, destac\u00f3 la alcaldesa Patricia Lobeira Rodr\u00edguez.<\/p>\n\n\n\n<p>En la mencionada caseta se instalar\u00e1n ocho elementos qui\u00e9nes tambi\u00e9n tendr\u00e1n coordinaci\u00f3n con la Secretar\u00eda de Seguridad P\u00fablica (SSP) y la Polic\u00eda Naval.<\/p>\n\n\n\n<p>La presidenta municipal dijo que al momento se han remodelado y cubierto con vigilancia de la Polic\u00eda Municipal tres casetas, las cuales se ubican en la avenida Washington, una m\u00e1s en el parque &#8220;Los Pinitos&#8221;, y esta \u00faltima del fraccionamiento Laguna Real.<\/p>\n","protected":false},"excerpt":{"rendered":"<p>Alejandro \u00c1vila Veracruz, Ver.- El Ayuntamiento de Veracruz instal\u00f3 una caseta de polic\u00eda en el fraccionamiento Laguna Real, con lo que se busca erradicar el alto \u00edndice de robos en al menos tres colonias de la zona. La banda juvenil &#8220;Los Durazo&#8221; quienes siembran el terror en los fraccionamientos Laguna Real, Casas D\u00edaz, colonia Serd\u00e1n [&hellip;]<\/p>\n","protected":false},"author":2476,"featured_media":36733,"comment_status":"open","ping_status":"open","sticky":false,"template":"","format":"standard","meta":{"_jetpack_memberships_contains_paid_content":false,"footnotes":""},"categories":[2],"tags":[],"class_list":["post-36732","post","type-post","status-publish","format-standard","has-post-thumbnail","hentry","category-estado"],"jetpack_featured_media_url":"https:\/\/encuentroinformativo.com.mx\/wp-content\/uploads\/2023\/02\/Lumii_20230213_140907488.jpg","jetpack_sharing_enabled":true,"jetpack_likes_enabled":true,"amp_enabled":true,"_links":{"self":[{"href":"https:\/\/encuentroinformativo.com.mx\/index.php?rest_route=\/wp\/v2\/posts\/36732","targetHints":{"allow":["GET"]}}],"collection":[{"href":"https:\/\/encuentroinformativo.com.mx\/index.php?rest_route=\/wp\/v2\/posts"}],"about":[{"href":"https:\/\/encuentroinformativo.com.mx\/index.php?rest_route=\/wp\/v2\/types\/post"}],"author":[{"embeddable":true,"href":"https:\/\/encuentroinformativo.com.mx\/index.php?rest_route=\/wp\/v2\/users\/2476"}],"replies":[{"embeddable":true,"href":"https:\/\/encuentroinformativo.com.mx\/index.php?rest_route=%2Fwp%2Fv2%2Fcomments&post=36732"}],"version-history":[{"count":1,"href":"https:\/\/encuentroinformativo.com.mx\/index.php?rest_route=\/wp\/v2\/posts\/36732\/revisions"}],"predecessor-version":[{"id":36734,"href":"https:\/\/encuentroinformativo.com.mx\/index.php?rest_route=\/wp\/v2\/posts\/36732\/revisions\/36734"}],"wp:featuredmedia":[{"embeddable":true,"href":"https:\/\/encuentroinformativo.com.mx\/index.php?rest_route=\/wp\/v2\/media\/36733"}],"wp:attachment":[{"href":"https:\/\/encuentroinformativo.com.mx\/index.php?rest_route=%2Fwp%2Fv2%2Fmedia&parent=36732"}],"wp:term":[{"taxonomy":"category","embeddable":true,"href":"https:\/\/encuentroinformativo.com.mx\/index.php?rest_route=%2Fwp%2Fv2%2Fcategories&post=36732"},{"taxonomy":"post_tag","embeddable":true,"href":"https:\/\/encuentroinformativo.com.mx\/index.php?rest_route=%2Fwp%2Fv2%2Ftags&post=36732"}],"curies":[{"name":"wp","href":"https:\/\/api.w.org\/{rel}","templated":true}]}}