{"id":36738,"date":"2023-02-13T16:09:18","date_gmt":"2023-02-13T22:09:18","guid":{"rendered":"https:\/\/encuentroinformativo.com.mx\/?p=36738"},"modified":"2023-02-13T16:09:21","modified_gmt":"2023-02-13T22:09:21","slug":"solicitan-cerco-sanitario-en-rodriguez-clara","status":"publish","type":"post","link":"https:\/\/encuentroinformativo.com.mx\/?p=36738","title":{"rendered":"Solicitan cerco sanitario en Rodr\u00edguez Clara"},"content":{"rendered":"\n<p><strong>Dar\u00edo Pale <\/strong><\/p>\n\n\n\n<p>Xalapa, Ver.- Los habitantes de la congregaci\u00f3n Los Tigres del municipio de Juan Rodr\u00edguez Clara est\u00e1n solicitando un cerco sanitario debido a que se han reportado casos positivos de Meningococo y de esta forma se contagien m\u00e1s personas.<\/p>\n\n\n\n<p>Por lo anterior solicitan el apoyo del Sector salud, por el incremento de casos positivos de la bacteria meningococo en menores de edad, quienes han tenido s\u00edntomas y reacciones graves poniendo en riesgo su vida.\u00a0<\/p>\n\n\n\n<p>Cabe se\u00f1alar que lamentablemente una menor de edad a\u00fan se encuentra internada en el puerto de Veracruz, en observaci\u00f3n ya que al parecer su estado de salud es grave.<\/p>\n\n\n\n<p>Ante esta situaci\u00f3n directivos de instituciones escolares, dieron parte a autoridades de salud en Juan Rodr\u00edguez Clara, y ellos a la vez a la Jurisdicci\u00f3n Sanitaria n\u00famero 9, para que a la brevedad el cerco sanitario se realice y se eviten contagios o desinformaci\u00f3n.\u00a0<\/p>\n\n\n\n<p>Algunos maestros y docentes tomaron la decisi\u00f3n de suspender clases en nivel preescolar y primaria para evitar contagios.<\/p>\n\n\n\n<p>Por el momento m\u00e9dicos recomiendan tener higiene en su entorno diario para evitar contagios, mantener distancia con las personas, usar cubre boca, gel , acudir a centro de salud al tener s\u00edntomas de fiebre, dolor de cabeza, n\u00e1useas, vomito, estado mental alterado (confusi\u00f3n) y espasmos en el est\u00f3mago, recalcando que se puede confundir con COVID u otra enfermedad respiratoria.<\/p>\n\n\n\n<p>Este lunes 13 de febrero, se confirma la llegada de personal de la Jurisdicci\u00f3n Sanitaria a esta congregaci\u00f3n, para tomar medidas propias y evitar p\u00e1nico entre los pobladores.<\/p>\n\n\n\n<p>Por \u00faltimo el Ayuntamiento de Juan Rodr\u00edguez Clara ya tiene conocimiento y esta en la mejor disposici\u00f3n de colaborar con las autoridades de salud en este tema y no caer en p\u00e1nico.<\/p>\n\n\n\n<figure class=\"wp-block-image size-large\"><img loading=\"lazy\" decoding=\"async\" width=\"682\" height=\"863\" src=\"https:\/\/encuentroinformativo.com.mx\/wp-content\/uploads\/2023\/02\/IMG-20230213-WA0139.jpg\" alt=\"\" class=\"wp-image-36739\" srcset=\"https:\/\/encuentroinformativo.com.mx\/wp-content\/uploads\/2023\/02\/IMG-20230213-WA0139.jpg 682w, https:\/\/encuentroinformativo.com.mx\/wp-content\/uploads\/2023\/02\/IMG-20230213-WA0139-237x300.jpg 237w\" sizes=\"auto, (max-width: 682px) 100vw, 682px\" \/><\/figure>\n","protected":false},"excerpt":{"rendered":"<p>Dar\u00edo Pale Xalapa, Ver.- Los habitantes de la congregaci\u00f3n Los Tigres del municipio de Juan Rodr\u00edguez Clara est\u00e1n solicitando un cerco sanitario debido a que se han reportado casos positivos de Meningococo y de esta forma se contagien m\u00e1s personas. Por lo anterior solicitan el apoyo del Sector salud, por el incremento de casos positivos [&hellip;]<\/p>\n","protected":false},"author":2476,"featured_media":36739,"comment_status":"open","ping_status":"open","sticky":false,"template":"","format":"standard","meta":{"_jetpack_memberships_contains_paid_content":false,"footnotes":""},"categories":[9],"tags":[],"class_list":["post-36738","post","type-post","status-publish","format-standard","has-post-thumbnail","hentry","category-salud"],"jetpack_featured_media_url":"https:\/\/encuentroinformativo.com.mx\/wp-content\/uploads\/2023\/02\/IMG-20230213-WA0139.jpg","jetpack_sharing_enabled":true,"jetpack_likes_enabled":true,"amp_enabled":true,"_links":{"self":[{"href":"https:\/\/encuentroinformativo.com.mx\/index.php?rest_route=\/wp\/v2\/posts\/36738","targetHints":{"allow":["GET"]}}],"collection":[{"href":"https:\/\/encuentroinformativo.com.mx\/index.php?rest_route=\/wp\/v2\/posts"}],"about":[{"href":"https:\/\/encuentroinformativo.com.mx\/index.php?rest_route=\/wp\/v2\/types\/post"}],"author":[{"embeddable":true,"href":"https:\/\/encuentroinformativo.com.mx\/index.php?rest_route=\/wp\/v2\/users\/2476"}],"replies":[{"embeddable":true,"href":"https:\/\/encuentroinformativo.com.mx\/index.php?rest_route=%2Fwp%2Fv2%2Fcomments&post=36738"}],"version-history":[{"count":1,"href":"https:\/\/encuentroinformativo.com.mx\/index.php?rest_route=\/wp\/v2\/posts\/36738\/revisions"}],"predecessor-version":[{"id":36740,"href":"https:\/\/encuentroinformativo.com.mx\/index.php?rest_route=\/wp\/v2\/posts\/36738\/revisions\/36740"}],"wp:featuredmedia":[{"embeddable":true,"href":"https:\/\/encuentroinformativo.com.mx\/index.php?rest_route=\/wp\/v2\/media\/36739"}],"wp:attachment":[{"href":"https:\/\/encuentroinformativo.com.mx\/index.php?rest_route=%2Fwp%2Fv2%2Fmedia&parent=36738"}],"wp:term":[{"taxonomy":"category","embeddable":true,"href":"https:\/\/encuentroinformativo.com.mx\/index.php?rest_route=%2Fwp%2Fv2%2Fcategories&post=36738"},{"taxonomy":"post_tag","embeddable":true,"href":"https:\/\/encuentroinformativo.com.mx\/index.php?rest_route=%2Fwp%2Fv2%2Ftags&post=36738"}],"curies":[{"name":"wp","href":"https:\/\/api.w.org\/{rel}","templated":true}]}}