{"id":3674,"date":"2020-06-26T17:36:53","date_gmt":"2020-06-26T22:36:53","guid":{"rendered":"https:\/\/encuentroinformativo.com\/?p=3674"},"modified":"2020-06-26T17:36:56","modified_gmt":"2020-06-26T22:36:56","slug":"por-marchas-no-pacificas-regidor-pide-tomar-precauciones","status":"publish","type":"post","link":"https:\/\/encuentroinformativo.com.mx\/?p=3674","title":{"rendered":"Por marchas no pac\u00edficas, regidor pide tomar precauciones"},"content":{"rendered":"\n<p><strong>Dar\u00edo Pale <\/strong><\/p>\n\n\n\n<p>Xalapa, Ver.- El regidor X del ayuntamiento de Xalapa Juan Gabriel Fern\u00e1ndez Garibay dio a conocer que las autoridades deben de tomar las medidas preventivas necesarias por el anuncio de la marcha no pac\u00edfica programada para el pr\u00f3ximo dos de Julio en la capital del estado.<\/p>\n\n\n\n<p>Entrevistado en conocido caf\u00e9 del centro de Xalapa se\u00f1al\u00f3 que \u201cahora s\u00ed no hay excusa para decir que no le avisaron verdad, le est\u00e1n avisando con anticipaci\u00f3n, en lo personal me dedicado a hablar con varios due\u00f1os de bares, varios due\u00f1os de antros solicitando que se acerquen a di\u00e1logo y veamos de qu\u00e9 manera los podemos apoyar\u201d.<\/p>\n\n\n\n<p>Lo anterior se debe a la marcha no pac\u00edfica que est\u00e1 anunciada para el pr\u00f3ximo dos de Julio, por lo que entiende que haya un sector muy molesto, por lo que la autoridad no puede permitir actos vand\u00e1licos o de violencia, por lo que las autoridades est\u00e1n a tiempo para tomar las medidas pertinentes ya que est\u00e1n dando a conocer que la marcha ser\u00e1 violenta.<\/p>\n\n\n\n<p>Inform\u00f3 que hay due\u00f1os de bares muy responsables que pese a que est\u00e1n pasando una situaci\u00f3n dif\u00edcil est\u00e1n en la mejor forma de dialogar, pero desafortunadamente tambi\u00e9n hay gente que aprovecha esta contingencia para tomar medidas violentas, de desestabilizaci\u00f3n, por lo que las autoridades no puede darse el lujo de permitirlas.<\/p>\n\n\n\n<p>\u201cNo podemos caer en un mayor estado de ingobernabilidad de en el que ya estamos\u201d, coment\u00f3.<\/p>\n\n\n\n<p>En otro orden de ideas, en cuanto al cobro de la basura a los comerciantes que tiene sus locales cerrados, se\u00f1al\u00f3 que no se puede seguir con esta situaci\u00f3n de cual hizo del conocimiento al alcalde Hip\u00f3lito Rodriguez, quien se comprometi\u00f3 a revisarlo ya que no se puede pagar dos veces el mismo servicio.<\/p>\n\n\n\n<p>Por \u00faltimo dio a conocer que hoy que los comercios que est\u00e1n cerrados se les quiera cobrar la basura se le hace una falta total de apoyo de empat\u00eda y sensibilidad de lo que est\u00e1 viviendo la ciudadan\u00eda.\u00a0<\/p>\n\n\n\n<p><\/p>\n\n\n\n<p><\/p>\n","protected":false},"excerpt":{"rendered":"<p>Dar\u00edo Pale Xalapa, Ver.- El regidor X del ayuntamiento de Xalapa Juan Gabriel Fern\u00e1ndez Garibay dio a conocer que las autoridades deben de tomar las medidas preventivas necesarias por el anuncio de la marcha no pac\u00edfica programada para el pr\u00f3ximo dos de Julio en la capital del estado. Entrevistado en conocido caf\u00e9 del centro de [&hellip;]<\/p>\n","protected":false},"author":1,"featured_media":3675,"comment_status":"open","ping_status":"open","sticky":false,"template":"","format":"standard","meta":{"_jetpack_memberships_contains_paid_content":false,"footnotes":""},"categories":[3],"tags":[],"class_list":["post-3674","post","type-post","status-publish","format-standard","has-post-thumbnail","hentry","category-xalapa"],"jetpack_featured_media_url":"https:\/\/encuentroinformativo.com.mx\/wp-content\/uploads\/2020\/06\/06C14C1C-31E9-4456-8221-9DE7C89601A5.jpeg","jetpack_sharing_enabled":true,"jetpack_likes_enabled":true,"amp_enabled":true,"_links":{"self":[{"href":"https:\/\/encuentroinformativo.com.mx\/index.php?rest_route=\/wp\/v2\/posts\/3674","targetHints":{"allow":["GET"]}}],"collection":[{"href":"https:\/\/encuentroinformativo.com.mx\/index.php?rest_route=\/wp\/v2\/posts"}],"about":[{"href":"https:\/\/encuentroinformativo.com.mx\/index.php?rest_route=\/wp\/v2\/types\/post"}],"author":[{"embeddable":true,"href":"https:\/\/encuentroinformativo.com.mx\/index.php?rest_route=\/wp\/v2\/users\/1"}],"replies":[{"embeddable":true,"href":"https:\/\/encuentroinformativo.com.mx\/index.php?rest_route=%2Fwp%2Fv2%2Fcomments&post=3674"}],"version-history":[{"count":1,"href":"https:\/\/encuentroinformativo.com.mx\/index.php?rest_route=\/wp\/v2\/posts\/3674\/revisions"}],"predecessor-version":[{"id":3676,"href":"https:\/\/encuentroinformativo.com.mx\/index.php?rest_route=\/wp\/v2\/posts\/3674\/revisions\/3676"}],"wp:featuredmedia":[{"embeddable":true,"href":"https:\/\/encuentroinformativo.com.mx\/index.php?rest_route=\/wp\/v2\/media\/3675"}],"wp:attachment":[{"href":"https:\/\/encuentroinformativo.com.mx\/index.php?rest_route=%2Fwp%2Fv2%2Fmedia&parent=3674"}],"wp:term":[{"taxonomy":"category","embeddable":true,"href":"https:\/\/encuentroinformativo.com.mx\/index.php?rest_route=%2Fwp%2Fv2%2Fcategories&post=3674"},{"taxonomy":"post_tag","embeddable":true,"href":"https:\/\/encuentroinformativo.com.mx\/index.php?rest_route=%2Fwp%2Fv2%2Ftags&post=3674"}],"curies":[{"name":"wp","href":"https:\/\/api.w.org\/{rel}","templated":true}]}}