{"id":36741,"date":"2023-02-13T16:14:07","date_gmt":"2023-02-13T22:14:07","guid":{"rendered":"https:\/\/encuentroinformativo.com.mx\/?p=36741"},"modified":"2023-02-13T16:14:10","modified_gmt":"2023-02-13T22:14:10","slug":"comunicacion-y-atencion-directa-objetivo-del-lunes-ciudadano-alcalde-jm-unanue","status":"publish","type":"post","link":"https:\/\/encuentroinformativo.com.mx\/?p=36741","title":{"rendered":"Comunicaci\u00f3n y atenci\u00f3n directa, objetivo del Lunes Ciudadano: Alcalde JM Un\u00e1nue"},"content":{"rendered":"\n<p><strong>*<em>El primer \u201cLunes Ciudadano en tu Colonia\u201d del a\u00f1o se llev\u00f3 a cabo en la Ricardo Flores Mag\u00f3n, atendiendo de manera personal m\u00e1s de 100 peticiones ciudadanas<\/em>.<\/strong><\/p>\n\n\n\n<p>Boca del R\u00edo, Ver.- Este lunes el Alcalde de Boca del R\u00edo, Juan Manuel Un\u00e1nue Abascal, encabez\u00f3 el programa \u201cLunes Ciudadano en tu Colonia\u201d, siendo el primero del 2023.<\/p>\n\n\n\n<p>La cita fue en el callej\u00f3n Independencia, entre Ruiz Cortines y R\u00edo Moreno, de la Colonia Ricardo Flores Mag\u00f3n, donde vecinos se dieron cita desde las nueve de la ma\u00f1ana para buscar audiencia personal con el ejecutivo municipal y con los responsables del resto de las \u00e1reas.<\/p>\n\n\n\n<p>\u201cEsta es nuestra primera visita del a\u00f1o con el programa Lunes Ciudadano en tu Colonia, hoy nos reunimos con los vecinos en su entorno para atenderles y dar soluci\u00f3n inmediata a la problem\u00e1tica que presentan, me dio mucho gusto saludarles de nuevo\u201d, dijo el Alcalde.<\/p>\n\n\n\n<p>El Presidente Municipal recalc\u00f3 que su gobierno se ha caracterizado por ser una administraci\u00f3n de puertas abiertas y cercano a los boque\u00f1os.<\/p>\n\n\n\n<p>En dicho lugar no solo se atendieron a vecinos de la zona, sino tambi\u00e9n a ciudadanos de otras colonias y fraccionamientos contiguos, mostr\u00e1ndose contentos por la llegada del programa \u201cLunes Ciudadano en tu Colonia\u201d, pero principalmente por la atenci\u00f3n directa del alcalde boque\u00f1o.<\/p>\n\n\n\n<p>Tambi\u00e9n estuvieron presentes regidores del Ayuntamiento representando sus distintas comisiones, as\u00ed como los 20 m\u00f3dulos de las diferentes \u00e1reas operativas que cada Lunes Ciudadano se suman a la atenci\u00f3n ciudadana.<\/p>\n\n\n\n<p>El Ayuntamiento de Boca del R\u00edo pone a su disposici\u00f3n las Redes Sociales Oficiales para que los ciudadanos est\u00e9n atentos a las pr\u00f3ximas convocatorias de este programa, ya sea en el Palacio Municipal o en su versi\u00f3n en \u201cTu Colonia\u201d: Facebook: www.facebook.com\/BocaLoMejorDeVeracruz, Twitter: @_BocadelRio e Instagram: @bocadelrio.ver<\/p>\n","protected":false},"excerpt":{"rendered":"<p>*El primer \u201cLunes Ciudadano en tu Colonia\u201d del a\u00f1o se llev\u00f3 a cabo en la Ricardo Flores Mag\u00f3n, atendiendo de manera personal m\u00e1s de 100 peticiones ciudadanas. Boca del R\u00edo, Ver.- Este lunes el Alcalde de Boca del R\u00edo, Juan Manuel Un\u00e1nue Abascal, encabez\u00f3 el programa \u201cLunes Ciudadano en tu Colonia\u201d, siendo el primero del [&hellip;]<\/p>\n","protected":false},"author":2476,"featured_media":36742,"comment_status":"open","ping_status":"open","sticky":false,"template":"","format":"standard","meta":{"_jetpack_memberships_contains_paid_content":false,"footnotes":""},"categories":[2],"tags":[],"class_list":["post-36741","post","type-post","status-publish","format-standard","has-post-thumbnail","hentry","category-estado"],"jetpack_featured_media_url":"https:\/\/encuentroinformativo.com.mx\/wp-content\/uploads\/2023\/02\/IMG-20230213-WA01422.jpg","jetpack_sharing_enabled":true,"jetpack_likes_enabled":true,"amp_enabled":true,"_links":{"self":[{"href":"https:\/\/encuentroinformativo.com.mx\/index.php?rest_route=\/wp\/v2\/posts\/36741","targetHints":{"allow":["GET"]}}],"collection":[{"href":"https:\/\/encuentroinformativo.com.mx\/index.php?rest_route=\/wp\/v2\/posts"}],"about":[{"href":"https:\/\/encuentroinformativo.com.mx\/index.php?rest_route=\/wp\/v2\/types\/post"}],"author":[{"embeddable":true,"href":"https:\/\/encuentroinformativo.com.mx\/index.php?rest_route=\/wp\/v2\/users\/2476"}],"replies":[{"embeddable":true,"href":"https:\/\/encuentroinformativo.com.mx\/index.php?rest_route=%2Fwp%2Fv2%2Fcomments&post=36741"}],"version-history":[{"count":1,"href":"https:\/\/encuentroinformativo.com.mx\/index.php?rest_route=\/wp\/v2\/posts\/36741\/revisions"}],"predecessor-version":[{"id":36743,"href":"https:\/\/encuentroinformativo.com.mx\/index.php?rest_route=\/wp\/v2\/posts\/36741\/revisions\/36743"}],"wp:featuredmedia":[{"embeddable":true,"href":"https:\/\/encuentroinformativo.com.mx\/index.php?rest_route=\/wp\/v2\/media\/36742"}],"wp:attachment":[{"href":"https:\/\/encuentroinformativo.com.mx\/index.php?rest_route=%2Fwp%2Fv2%2Fmedia&parent=36741"}],"wp:term":[{"taxonomy":"category","embeddable":true,"href":"https:\/\/encuentroinformativo.com.mx\/index.php?rest_route=%2Fwp%2Fv2%2Fcategories&post=36741"},{"taxonomy":"post_tag","embeddable":true,"href":"https:\/\/encuentroinformativo.com.mx\/index.php?rest_route=%2Fwp%2Fv2%2Ftags&post=36741"}],"curies":[{"name":"wp","href":"https:\/\/api.w.org\/{rel}","templated":true}]}}