{"id":36752,"date":"2023-02-14T09:27:09","date_gmt":"2023-02-14T15:27:09","guid":{"rendered":"https:\/\/encuentroinformativo.com.mx\/?p=36752"},"modified":"2023-02-14T09:27:13","modified_gmt":"2023-02-14T15:27:13","slug":"las-dos-caras-de-araly","status":"publish","type":"post","link":"https:\/\/encuentroinformativo.com.mx\/?p=36752","title":{"rendered":"LAS DOS CARAS DE ARALY"},"content":{"rendered":"\n<p><strong>Los Pol\u00edticos<\/strong><\/p>\n\n\n\n<p><strong>Salvador Mu\u00f1oz<\/strong><\/p>\n\n\n\n<p>El caso Araly hay que verlo desde dos \u00e1ngulos:<\/p>\n\n\n\n<p>Por un lado, el de la maestra que cubr\u00eda un interinato\u2026 Por otro lado, el de la empresa que usa su nombre como Proveedora de algunas secretar\u00edas del Gobierno estatal.<\/p>\n\n\n\n<p>\u00bfPor qu\u00e9 ubicarlo por el lado \u201cde la maestra\u201d? Muy sencillo. A simple vista, el esquema que se utiliza en torno a este caso, es tan similar al que usaron en el Gobierno de Javier Duarte de Ochoa y pudiera entonces verde a la Maestra Araly como una v\u00edctima\u2026<\/p>\n\n\n\n<p>Como ya se ha dicho, la maestra Araly cubr\u00eda un interinato a petici\u00f3n sindical en escuela de Poza Rica\u2026 se dice \u201ccubr\u00eda\u201d porque al momento en que hay una investigaci\u00f3n, queda separada del cargo hasta que se resuelva la situaci\u00f3n en la se vio involucrada de manera o no voluntaria.<\/p>\n\n\n\n<p>Con una edad promedio entre 43 o 45 a\u00f1os, la Maestra Araly tiene una historia\u2026 all\u00e1 por&nbsp; el 2019, su esposo y un amigo de \u00e9l, vieron la oportunidad de crear una empresa pero hab\u00eda un ligero detalle que ten\u00edan que salvar ambos\u2026 sus nombres no pod\u00edan salir. El esposo de Araly le propuso entonces que ella apareciera, no habr\u00eda ning\u00fan problema, y ella acept\u00f3. Todo iba bien en la vida de Araly hasta que falleci\u00f3 su esposo.<\/p>\n\n\n\n<p>Araly tuvo que reiniciar su vida como pudo\u2026 de la empresa, \u00a1ni se acordaba! Cre\u00eda que a la muerte de su esposo, ya se deshac\u00eda la sociedad, hasta que el diputado Marlon Ram\u00edrez empez\u00f3 a citar su nombre; primero, con poco eco\u2026 pero al inicio de este a\u00f1o, son\u00f3 tan fuerte que se sorprendi\u00f3 de las dimensiones que alcanz\u00f3 algo que ella ya hab\u00eda dado por acabado.<\/p>\n\n\n\n<p>As\u00ed, m\u00e1s o menos, fue la historia que me contaron de Araly, la maestra, la se\u00f1ora, la viuda\u2026<\/p>\n\n\n\n<p>Ver el lado de la empresa, se supone que es un papel \u00bfde la Contralor\u00eda? Hasta donde s\u00e9, no ha dicho ni p\u00edo Meche Santoyo\u2026 Sefiplan de plano dijo que si tiene Tarjet\u00f3n de Proveedor la empresa, es porque cumpli\u00f3 con los requisitos que se le exigen para tener cara de tal\u2026<\/p>\n\n\n\n<p>Habr\u00e1 que preguntarle a los administradores de Salud y Seguridad P\u00fablica, por citar algunos, qu\u00e9 tan transparente estuvo el proceso de licitaci\u00f3n para darle varios millones de pesos a esta empresa\u2026 aunque eso se supone que debe saberlo Cuitl\u00e1huac, quien presume que los titulares de las Unidades Administrativas acuerdan con \u00e9l, incluso por encima del secretario\u2026 entonces, ya sabe c\u00f3mo masca la iguana\u2026<\/p>\n\n\n\n<p>Y mientras son peras o son manzanas, el diputado Marlon Ram\u00edrez suger\u00eda que el caso Araly fuera llevado hasta a la misma Auditor\u00eda Superior de la Federaci\u00f3n\u2026 s\u00ed, pues el esquema que se deja ver en este asunto es tan similar al que llev\u00f3 a Javier Duarte de Ochoa, salir huyendo del Estado\u2026 y luego del pa\u00eds\u2026 puede que no ande tan errado el diputado del PRI.<\/p>\n","protected":false},"excerpt":{"rendered":"<p>Los Pol\u00edticos Salvador Mu\u00f1oz El caso Araly hay que verlo desde dos \u00e1ngulos: Por un lado, el de la maestra que cubr\u00eda un interinato\u2026 Por otro lado, el de la empresa que usa su nombre como Proveedora de algunas secretar\u00edas del Gobierno estatal. \u00bfPor qu\u00e9 ubicarlo por el lado \u201cde la maestra\u201d? Muy sencillo. A [&hellip;]<\/p>\n","protected":false},"author":2476,"featured_media":387,"comment_status":"open","ping_status":"open","sticky":false,"template":"","format":"standard","meta":{"_jetpack_memberships_contains_paid_content":false,"footnotes":""},"categories":[11],"tags":[],"class_list":["post-36752","post","type-post","status-publish","format-standard","has-post-thumbnail","hentry","category-opinion"],"jetpack_featured_media_url":"https:\/\/encuentroinformativo.com.mx\/wp-content\/uploads\/2020\/03\/7CF8A22B-2764-47BE-8F7F-38FE9E5D6A2F.jpeg","jetpack_sharing_enabled":true,"jetpack_likes_enabled":true,"amp_enabled":true,"_links":{"self":[{"href":"https:\/\/encuentroinformativo.com.mx\/index.php?rest_route=\/wp\/v2\/posts\/36752","targetHints":{"allow":["GET"]}}],"collection":[{"href":"https:\/\/encuentroinformativo.com.mx\/index.php?rest_route=\/wp\/v2\/posts"}],"about":[{"href":"https:\/\/encuentroinformativo.com.mx\/index.php?rest_route=\/wp\/v2\/types\/post"}],"author":[{"embeddable":true,"href":"https:\/\/encuentroinformativo.com.mx\/index.php?rest_route=\/wp\/v2\/users\/2476"}],"replies":[{"embeddable":true,"href":"https:\/\/encuentroinformativo.com.mx\/index.php?rest_route=%2Fwp%2Fv2%2Fcomments&post=36752"}],"version-history":[{"count":1,"href":"https:\/\/encuentroinformativo.com.mx\/index.php?rest_route=\/wp\/v2\/posts\/36752\/revisions"}],"predecessor-version":[{"id":36753,"href":"https:\/\/encuentroinformativo.com.mx\/index.php?rest_route=\/wp\/v2\/posts\/36752\/revisions\/36753"}],"wp:featuredmedia":[{"embeddable":true,"href":"https:\/\/encuentroinformativo.com.mx\/index.php?rest_route=\/wp\/v2\/media\/387"}],"wp:attachment":[{"href":"https:\/\/encuentroinformativo.com.mx\/index.php?rest_route=%2Fwp%2Fv2%2Fmedia&parent=36752"}],"wp:term":[{"taxonomy":"category","embeddable":true,"href":"https:\/\/encuentroinformativo.com.mx\/index.php?rest_route=%2Fwp%2Fv2%2Fcategories&post=36752"},{"taxonomy":"post_tag","embeddable":true,"href":"https:\/\/encuentroinformativo.com.mx\/index.php?rest_route=%2Fwp%2Fv2%2Ftags&post=36752"}],"curies":[{"name":"wp","href":"https:\/\/api.w.org\/{rel}","templated":true}]}}