{"id":36756,"date":"2023-02-14T09:41:21","date_gmt":"2023-02-14T15:41:21","guid":{"rendered":"https:\/\/encuentroinformativo.com.mx\/?p=36756"},"modified":"2023-02-14T10:56:05","modified_gmt":"2023-02-14T16:56:05","slug":"carnaval-de-tlalixcoyan-2023-por-primera-vez-tendra-reina-lgbtlq","status":"publish","type":"post","link":"https:\/\/encuentroinformativo.com.mx\/?p=36756","title":{"rendered":"Carnaval de Tlalixcoyan 2023 por primera vez tendr\u00e1 Reina LGBTlQ+"},"content":{"rendered":"\n<p><strong>Alejandro \u00c1vila<\/strong><\/p>\n\n\n\n<p>Tlalixcoyan, Ver.- Este lunes fue presentada la edici\u00f3n 2023 del Carnaval de Tlalixcoyan, el cual se llevar\u00e1 a cabo del 30 de marzo al 3 de abril y qu\u00e9 tendr\u00e1 por primera ocasi\u00f3n una Reina LGBTIQ+.<\/p>\n\n\n\n<p>La alcaldesa Elvia Illescas Loyo present\u00f3 y tomo protesta al Comit\u00e9 de Carnaval que quedara presidido por H\u00e9ctor Fernando Cruz Arano, el cual posteriormente dio los nombramientos de la nueva Corte Real.<\/p>\n\n\n\n<p>Mauricio Pantoja, Rey Infantil; Mar\u00eda Jos\u00e9 Aguirre Guti\u00e9rrez, Reina Infantil; Luis \u00c1ngel Cruz Arano, Rey de Carnaval; y Marisol Uscanga Rivas, Reina de Carnaval; adem\u00e1s por primera ocasi\u00f3n se coronar\u00e1 tambi\u00e9n a la Reina LGBTIQ+, y qu\u00e9 portar\u00e1 la corona ser\u00e1 Andr\u00e9s Felipe Rivera Pantoja &#8220;Alessandra Rivera&#8221;.<\/p>\n\n\n\n<p>&#8220;Este es un d\u00eda muy especial, a partir de hoy tenemos aproximadamente 45 d\u00edas para preparar entre todas y todos, el mejor Carnaval de la Regi\u00f3n del Sotavento, Tlalixcoyan va a brillar como nunca y lo har\u00e1 porque vamos a trabajar juntos, porque esta fiesta es tradici\u00f3n de todas y de todos, de cada uno de nosotros nadie puede quedarse fuera, todos vamos a participar con alegr\u00eda y sobre todo con mucho cari\u00f1o liderado por nuestro Comit\u00e9, y motivados por los ejemplos de acciones que ellos nos pongan, y sobre todo por la Corte Real&#8221;, resalt\u00f3 la alcaldesa panista.<\/p>\n\n\n\n<p>Cabe recordar qu\u00e9 el Carnaval del 2020 tuvo que ser suspendido horas antes de su inicio debido a las restricciones sanitarias que impuso el Gobierno Federal con la entrada de la pandemia.<\/p>\n\n\n\n<p>En esta ocasi\u00f3n se espera un repunte en las ventas de los negocios de la cabecera municipal, adem\u00e1s de que se analiza ubicar durante esas fechas la Expo Feria de Mujeres Emprendedoras.<\/p>\n","protected":false},"excerpt":{"rendered":"<p>Alejandro \u00c1vila Tlalixcoyan, Ver.- Este lunes fue presentada la edici\u00f3n 2023 del Carnaval de Tlalixcoyan, el cual se llevar\u00e1 a cabo del 30 de marzo al 3 de abril y qu\u00e9 tendr\u00e1 por primera ocasi\u00f3n una Reina LGBTIQ+. La alcaldesa Elvia Illescas Loyo present\u00f3 y tomo protesta al Comit\u00e9 de Carnaval que quedara presidido por [&hellip;]<\/p>\n","protected":false},"author":2476,"featured_media":36757,"comment_status":"open","ping_status":"open","sticky":false,"template":"","format":"standard","meta":{"_jetpack_memberships_contains_paid_content":false,"footnotes":""},"categories":[2],"tags":[],"class_list":["post-36756","post","type-post","status-publish","format-standard","has-post-thumbnail","hentry","category-estado"],"jetpack_featured_media_url":"https:\/\/encuentroinformativo.com.mx\/wp-content\/uploads\/2023\/02\/IMG-20230214-WA00142.jpg","jetpack_sharing_enabled":true,"jetpack_likes_enabled":true,"amp_enabled":true,"_links":{"self":[{"href":"https:\/\/encuentroinformativo.com.mx\/index.php?rest_route=\/wp\/v2\/posts\/36756","targetHints":{"allow":["GET"]}}],"collection":[{"href":"https:\/\/encuentroinformativo.com.mx\/index.php?rest_route=\/wp\/v2\/posts"}],"about":[{"href":"https:\/\/encuentroinformativo.com.mx\/index.php?rest_route=\/wp\/v2\/types\/post"}],"author":[{"embeddable":true,"href":"https:\/\/encuentroinformativo.com.mx\/index.php?rest_route=\/wp\/v2\/users\/2476"}],"replies":[{"embeddable":true,"href":"https:\/\/encuentroinformativo.com.mx\/index.php?rest_route=%2Fwp%2Fv2%2Fcomments&post=36756"}],"version-history":[{"count":2,"href":"https:\/\/encuentroinformativo.com.mx\/index.php?rest_route=\/wp\/v2\/posts\/36756\/revisions"}],"predecessor-version":[{"id":36766,"href":"https:\/\/encuentroinformativo.com.mx\/index.php?rest_route=\/wp\/v2\/posts\/36756\/revisions\/36766"}],"wp:featuredmedia":[{"embeddable":true,"href":"https:\/\/encuentroinformativo.com.mx\/index.php?rest_route=\/wp\/v2\/media\/36757"}],"wp:attachment":[{"href":"https:\/\/encuentroinformativo.com.mx\/index.php?rest_route=%2Fwp%2Fv2%2Fmedia&parent=36756"}],"wp:term":[{"taxonomy":"category","embeddable":true,"href":"https:\/\/encuentroinformativo.com.mx\/index.php?rest_route=%2Fwp%2Fv2%2Fcategories&post=36756"},{"taxonomy":"post_tag","embeddable":true,"href":"https:\/\/encuentroinformativo.com.mx\/index.php?rest_route=%2Fwp%2Fv2%2Ftags&post=36756"}],"curies":[{"name":"wp","href":"https:\/\/api.w.org\/{rel}","templated":true}]}}