{"id":3677,"date":"2020-06-27T11:59:27","date_gmt":"2020-06-27T16:59:27","guid":{"rendered":"https:\/\/encuentroinformativo.com\/?p=3677"},"modified":"2020-06-27T11:59:30","modified_gmt":"2020-06-27T16:59:30","slug":"la-estrategia-no-funciona","status":"publish","type":"post","link":"https:\/\/encuentroinformativo.com.mx\/?p=3677","title":{"rendered":"La estrategia no funciona"},"content":{"rendered":"\n<p><strong>N\u00fameros Rojos<\/strong><\/p>\n\n\n\n<p><strong>Brenda Caballero<\/strong><br><\/p>\n\n\n\n<p>Ayer amanecimos con la noticia de que hab\u00edan atentado contra el Secretario de Seguridad de la Ciudad de M\u00e9xico, Omar Garc\u00eda Harfuch. Muchas y muchos podr\u00edamos minimizar la noticia, pues no pertenece a \u201cnuestra aldea\u201d; sin embargo, es una noticia que debe preocuparnos pues nunca hab\u00edamos visto un atentado de tal magnitud por parte del crimen organizado, al grado de usar armas como la Barret calibre 50, con capacidad de perforar estructuras blindadas, de cemento y hasta derribar helic\u00f3pteros. Las im\u00e1genes que circularon de la camioneta lo dec\u00edan todo. Iban a matarlo.<\/p>\n\n\n\n<p>En el transcurso del d\u00eda fueron conoci\u00e9ndose los detalles de la planeaci\u00f3n, desarrollo y ejecuci\u00f3n del atentado al Secretario, donde libr\u00f3 la muerte, pero fallecieron su jefe de escoltas y otro polic\u00eda, adem\u00e1s hubo da\u00f1os colaterales, pues una mujer muri\u00f3 \u201cpor estar en el lugar equivocado a la hora equivocada\u201d.<\/p>\n\n\n\n<p>Eso es lo que debe de preocuparnos&#8230; lo envalentonado que anda el crimen organizado para que a cualquier hora del d\u00eda, en cualquier lugar, y contra la sociedad, civil alcen sus armas y abran fuego, sin ton ni son.&nbsp;<\/p>\n\n\n\n<p>Acciones como la de ayer en la Ciudad de M\u00e9xico, como la desaparici\u00f3n de cuatro j\u00f3venes en Guanajuato el mismo d\u00eda de la detenci\u00f3n de la familia de El Marro, la emboscada a militares de la Guardia Nacional en Michoac\u00e1n, el asesinato del juez federal Uriel Villegas Ortiz y su esposa, entre otros m\u00e1s, demuestran que la estrategia de seguridad implementada hasta el momento por Alfonso Durazo no est\u00e1 funcionando, y que deber\u00eda renunciar a su cargo o virar totalmente el tim\u00f3n.<\/p>\n\n\n\n<p>Reconozco que ha sido un gran acierto el uso de la Unidad de Inteligencia Financiera a cargo de Santiago Nieto contra el crimen organizado. Han ido desmantelando sus estructuras financieras y congelado cuentas bancarias de personas f\u00edsicas y morales con nexos al narco; sin embargo, el quitarles el dinero no es la soluci\u00f3n, puesto que las bandas de narcos han empezado a usar la extorsi\u00f3n, el cobro de piso, el secuestro, el robo para hacerse llegar de recursos, no importando el monto ni la v\u00edctima, aunque digan que a los pobres no los secuestran.<\/p>\n\n\n\n<p>Puede sonar a chunga, pero \u201clos abrazos, no balazos\u201d no est\u00e1n funcionando, y menos funcionar\u00e1n los abrazos con esta sana distancia.&nbsp;<\/p>\n\n\n\n<p>El crimen organizado est\u00e1 desafiando a los Tres Poderes&#8230; sus acciones valentonas demuestran que son capaces de todo, est\u00e1n heridos&#8230; incluso, el periodista Ra\u00fal Rodr\u00edguez Cort\u00e9s mencionaba que el atentado contra Garc\u00eda Harfuch ya estaba planeado como un&nbsp; \u201cataque de alto nivel\u201d con otros tres posibles blancos: Marcelo Ebrard, Santiago Nieto y Alfonso Durazo.<\/p>\n\n\n\n<p>Con&nbsp; atentados como el de ayer, creo que el Presidente debe reconsiderar su forma de viajar a sus giras o redoblar su seguridad, porque el narco, \u201cque tambi\u00e9n es pueblo\u201d, puede no ser \u201cbueno\u201d.<br><\/p>\n\n\n\n<p>@NumerosRojos_BC<\/p>\n\n\n\n<p><a href=\"mailto:caballero_brenda@hotmail.com\" target=\"_blank\" rel=\"noreferrer noopener\">caballero_brenda@hotmail.com<\/a><\/p>\n","protected":false},"excerpt":{"rendered":"<p>N\u00fameros Rojos Brenda Caballero Ayer amanecimos con la noticia de que hab\u00edan atentado contra el Secretario de Seguridad de la Ciudad de M\u00e9xico, Omar Garc\u00eda Harfuch. Muchas y muchos podr\u00edamos minimizar la noticia, pues no pertenece a \u201cnuestra aldea\u201d; sin embargo, es una noticia que debe preocuparnos pues nunca hab\u00edamos visto un atentado de tal [&hellip;]<\/p>\n","protected":false},"author":1,"featured_media":387,"comment_status":"open","ping_status":"open","sticky":false,"template":"","format":"standard","meta":{"_jetpack_memberships_contains_paid_content":false,"footnotes":""},"categories":[11],"tags":[],"class_list":["post-3677","post","type-post","status-publish","format-standard","has-post-thumbnail","hentry","category-opinion"],"jetpack_featured_media_url":"https:\/\/encuentroinformativo.com.mx\/wp-content\/uploads\/2020\/03\/7CF8A22B-2764-47BE-8F7F-38FE9E5D6A2F.jpeg","jetpack_sharing_enabled":true,"jetpack_likes_enabled":true,"amp_enabled":true,"_links":{"self":[{"href":"https:\/\/encuentroinformativo.com.mx\/index.php?rest_route=\/wp\/v2\/posts\/3677","targetHints":{"allow":["GET"]}}],"collection":[{"href":"https:\/\/encuentroinformativo.com.mx\/index.php?rest_route=\/wp\/v2\/posts"}],"about":[{"href":"https:\/\/encuentroinformativo.com.mx\/index.php?rest_route=\/wp\/v2\/types\/post"}],"author":[{"embeddable":true,"href":"https:\/\/encuentroinformativo.com.mx\/index.php?rest_route=\/wp\/v2\/users\/1"}],"replies":[{"embeddable":true,"href":"https:\/\/encuentroinformativo.com.mx\/index.php?rest_route=%2Fwp%2Fv2%2Fcomments&post=3677"}],"version-history":[{"count":1,"href":"https:\/\/encuentroinformativo.com.mx\/index.php?rest_route=\/wp\/v2\/posts\/3677\/revisions"}],"predecessor-version":[{"id":3678,"href":"https:\/\/encuentroinformativo.com.mx\/index.php?rest_route=\/wp\/v2\/posts\/3677\/revisions\/3678"}],"wp:featuredmedia":[{"embeddable":true,"href":"https:\/\/encuentroinformativo.com.mx\/index.php?rest_route=\/wp\/v2\/media\/387"}],"wp:attachment":[{"href":"https:\/\/encuentroinformativo.com.mx\/index.php?rest_route=%2Fwp%2Fv2%2Fmedia&parent=3677"}],"wp:term":[{"taxonomy":"category","embeddable":true,"href":"https:\/\/encuentroinformativo.com.mx\/index.php?rest_route=%2Fwp%2Fv2%2Fcategories&post=3677"},{"taxonomy":"post_tag","embeddable":true,"href":"https:\/\/encuentroinformativo.com.mx\/index.php?rest_route=%2Fwp%2Fv2%2Ftags&post=3677"}],"curies":[{"name":"wp","href":"https:\/\/api.w.org\/{rel}","templated":true}]}}