{"id":36770,"date":"2023-02-14T12:36:06","date_gmt":"2023-02-14T18:36:06","guid":{"rendered":"https:\/\/encuentroinformativo.com.mx\/?p=36770"},"modified":"2023-02-14T12:36:10","modified_gmt":"2023-02-14T18:36:10","slug":"para-reactivar-economia-remodelaran-lienzo-charro","status":"publish","type":"post","link":"https:\/\/encuentroinformativo.com.mx\/?p=36770","title":{"rendered":"Para reactivar econom\u00eda, remodelar\u00e1n Lienzo Charro"},"content":{"rendered":"\n<p><strong>Juan Arcos <\/strong><\/p>\n\n\n\n<p>Xalapa, Ver.- Empresarios y la Asociaci\u00f3n de Charros de Xalapa se coordinaron para remodelar el Lienzo Charro y reactivar los eventos grandes en este sitio de la capital del estado.<\/p>\n\n\n\n<p>De acuerdo con Mauricio Cuevas Gayosso, presidente del Consejo de Turismo, Cultura y Deporte de Veracruz, el recinto charro no hab\u00eda tenido actividad formal desde hace varios a\u00f1os y, por ello, se realizar\u00e1 la Gran Charreada \u201cAmor por Veracruz\u201d el pr\u00f3ximo s\u00e1bado 18 de febrero, a partir de las 11 de la ma\u00f1ana.<\/p>\n\n\n\n<p>Lo anterior, para contribuir a la reactivaci\u00f3n econ\u00f3mica de la ciudad de Xalapa, luego de la crisis que origin\u00f3 la pandemia del Sars-Cov2 (Covid-19).<\/p>\n\n\n\n<p>\u201cHemos emprendido esta nueva odisea, digo esta nueva odisea porque el lienzo charro tiene varios sin actividad formal como tal, se ha venido, por diferentes circunstancias, pandemia y muchas cosas, se ha venido perdiendo la oportunidad de esta gran fiesta\u201d, expres\u00f3.<\/p>\n\n\n\n<p>Se espera a un promedio de mil 500 familias con una amplia cartelera que tendr\u00e1 duraci\u00f3n de casi 10 horas y cuyo acceso ser\u00e1 gratuito.<\/p>\n\n\n\n<p>&#8220;Es un detonador tur\u00edstico y ser\u00e1 una serie de actividades que estaremos realizando en torno a la fiesta charra\u201d, enfatiz\u00f3 el l\u00edder empresarial.<br>Mauricio Cuevas indic\u00f3 que los empresarios se sumaron para promover el lienzo charro, con el mejoramiento del ruedo y las gradas, recinto que puede albergar hasta 3 mil personas.<\/p>\n\n\n\n<p>El pr\u00f3ximo s\u00e1bado habr\u00e1 presentaciones de ballet folcl\u00f3rico, as\u00ed como de los profesionales de la charrer\u00eda, m\u00fasica mexicana y un desfile de la Marching Band &#8220;Halcones&#8221;.<\/p>\n\n\n\n<p>Tambi\u00e9n estar\u00e1 una escaramuza de la ciudad de Teziutl\u00e1n, estado de Puebla, y la gente podr\u00e1 disfrutar de la gastronom\u00eda, cerveza artesanal &#8221; y gracias a las empresas patrocinadoras ser\u00e1 un evento gratuito&#8221;.<\/p>\n\n\n\n<p>Los boletos se adquieren en tiendas Fasti y Comex, explic\u00f3 Cuevas Gayosso acompa\u00f1ado de los charros en el anuncio de la &#8220;Gran Charreada, Amor por Veracruz&#8221;<\/p>\n","protected":false},"excerpt":{"rendered":"<p>Juan Arcos Xalapa, Ver.- Empresarios y la Asociaci\u00f3n de Charros de Xalapa se coordinaron para remodelar el Lienzo Charro y reactivar los eventos grandes en este sitio de la capital del estado. De acuerdo con Mauricio Cuevas Gayosso, presidente del Consejo de Turismo, Cultura y Deporte de Veracruz, el recinto charro no hab\u00eda tenido actividad [&hellip;]<\/p>\n","protected":false},"author":2476,"featured_media":36771,"comment_status":"open","ping_status":"open","sticky":false,"template":"","format":"standard","meta":{"_jetpack_memberships_contains_paid_content":false,"footnotes":""},"categories":[3],"tags":[],"class_list":["post-36770","post","type-post","status-publish","format-standard","has-post-thumbnail","hentry","category-xalapa"],"jetpack_featured_media_url":"https:\/\/encuentroinformativo.com.mx\/wp-content\/uploads\/2023\/02\/IMG_3043.jpg","jetpack_sharing_enabled":true,"jetpack_likes_enabled":true,"amp_enabled":true,"_links":{"self":[{"href":"https:\/\/encuentroinformativo.com.mx\/index.php?rest_route=\/wp\/v2\/posts\/36770","targetHints":{"allow":["GET"]}}],"collection":[{"href":"https:\/\/encuentroinformativo.com.mx\/index.php?rest_route=\/wp\/v2\/posts"}],"about":[{"href":"https:\/\/encuentroinformativo.com.mx\/index.php?rest_route=\/wp\/v2\/types\/post"}],"author":[{"embeddable":true,"href":"https:\/\/encuentroinformativo.com.mx\/index.php?rest_route=\/wp\/v2\/users\/2476"}],"replies":[{"embeddable":true,"href":"https:\/\/encuentroinformativo.com.mx\/index.php?rest_route=%2Fwp%2Fv2%2Fcomments&post=36770"}],"version-history":[{"count":1,"href":"https:\/\/encuentroinformativo.com.mx\/index.php?rest_route=\/wp\/v2\/posts\/36770\/revisions"}],"predecessor-version":[{"id":36772,"href":"https:\/\/encuentroinformativo.com.mx\/index.php?rest_route=\/wp\/v2\/posts\/36770\/revisions\/36772"}],"wp:featuredmedia":[{"embeddable":true,"href":"https:\/\/encuentroinformativo.com.mx\/index.php?rest_route=\/wp\/v2\/media\/36771"}],"wp:attachment":[{"href":"https:\/\/encuentroinformativo.com.mx\/index.php?rest_route=%2Fwp%2Fv2%2Fmedia&parent=36770"}],"wp:term":[{"taxonomy":"category","embeddable":true,"href":"https:\/\/encuentroinformativo.com.mx\/index.php?rest_route=%2Fwp%2Fv2%2Fcategories&post=36770"},{"taxonomy":"post_tag","embeddable":true,"href":"https:\/\/encuentroinformativo.com.mx\/index.php?rest_route=%2Fwp%2Fv2%2Ftags&post=36770"}],"curies":[{"name":"wp","href":"https:\/\/api.w.org\/{rel}","templated":true}]}}