{"id":36773,"date":"2023-02-14T13:01:24","date_gmt":"2023-02-14T19:01:24","guid":{"rendered":"https:\/\/encuentroinformativo.com.mx\/?p=36773"},"modified":"2023-02-14T13:01:27","modified_gmt":"2023-02-14T19:01:27","slug":"se-pronuncia-pt-por-suprema-corte-ciudadana","status":"publish","type":"post","link":"https:\/\/encuentroinformativo.com.mx\/?p=36773","title":{"rendered":"Se pronuncia PT por Suprema Corte \u201cciudadana\u201d"},"content":{"rendered":"\n<p><strong>Israel Garc\u00eda<\/strong><\/p>\n\n\n\n<p>Xalapa, Ver.- El Vocero y dirigente estatal del Partido del Trabajo (PT), Vicente Aguilar Aguilar afirm\u00f3 estar\u00e1 favor de que los integrantes de la Suprema Corte de Justicia de la Naci\u00f3n sean electos a trav\u00e9s del voto ciudadano.<\/p>\n\n\n\n<p>En su tradicional conferencia de prensa de los martes, el l\u00edder partidista dijo que respalda la propuesta del presidente Andr\u00e9s Manuel L\u00f3pez Obrador en ese sentido, al considerar que de esa manera no prevalecer\u00edan los \u201ccompadrazgos\u201d como en administraciones anteriores.<\/p>\n\n\n\n<p>\u201cQue sean electos por el voto ciudadano y as\u00ed todo el poder al pueblo\u201d, enfatiz\u00f3.<\/p>\n\n\n\n<p>En lo que respecta al \u00e1mbito estatal, Aguilar Aguilar calific\u00f3 como preocupante el incremento de cobros de la casetas de peaje en las carreteras de Veracruz.<\/p>\n\n\n\n<p>\u201cSer\u00e1 un pretexto para incrementar m\u00e1s los precios de los productos a los consumiodores\u201d.<\/p>\n\n\n\n<p>Al tiempo que se pronunci\u00f3 a favor de que se realice una investigaci\u00f3n a fondo por el caso de las empresas fantasmas.<\/p>\n\n\n\n<p>\u201cQue se aclare la situaci\u00f3n la ciudadana Arely Rodr\u00edguez, persona que labor\u00f3 en la SEV y a quien se\u00f1alan de beneficiaria de la asignaci\u00f3n de contratos por m\u00e1s de 100 millones de pesos\u201d.<\/p>\n","protected":false},"excerpt":{"rendered":"<p>Israel Garc\u00eda Xalapa, Ver.- El Vocero y dirigente estatal del Partido del Trabajo (PT), Vicente Aguilar Aguilar afirm\u00f3 estar\u00e1 favor de que los integrantes de la Suprema Corte de Justicia de la Naci\u00f3n sean electos a trav\u00e9s del voto ciudadano. En su tradicional conferencia de prensa de los martes, el l\u00edder partidista dijo que respalda [&hellip;]<\/p>\n","protected":false},"author":2476,"featured_media":36774,"comment_status":"open","ping_status":"open","sticky":false,"template":"","format":"standard","meta":{"_jetpack_memberships_contains_paid_content":false,"footnotes":""},"categories":[2],"tags":[],"class_list":["post-36773","post","type-post","status-publish","format-standard","has-post-thumbnail","hentry","category-estado"],"jetpack_featured_media_url":"https:\/\/encuentroinformativo.com.mx\/wp-content\/uploads\/2023\/02\/IMG-20230214-WA00392.jpg","jetpack_sharing_enabled":true,"jetpack_likes_enabled":true,"amp_enabled":true,"_links":{"self":[{"href":"https:\/\/encuentroinformativo.com.mx\/index.php?rest_route=\/wp\/v2\/posts\/36773","targetHints":{"allow":["GET"]}}],"collection":[{"href":"https:\/\/encuentroinformativo.com.mx\/index.php?rest_route=\/wp\/v2\/posts"}],"about":[{"href":"https:\/\/encuentroinformativo.com.mx\/index.php?rest_route=\/wp\/v2\/types\/post"}],"author":[{"embeddable":true,"href":"https:\/\/encuentroinformativo.com.mx\/index.php?rest_route=\/wp\/v2\/users\/2476"}],"replies":[{"embeddable":true,"href":"https:\/\/encuentroinformativo.com.mx\/index.php?rest_route=%2Fwp%2Fv2%2Fcomments&post=36773"}],"version-history":[{"count":1,"href":"https:\/\/encuentroinformativo.com.mx\/index.php?rest_route=\/wp\/v2\/posts\/36773\/revisions"}],"predecessor-version":[{"id":36775,"href":"https:\/\/encuentroinformativo.com.mx\/index.php?rest_route=\/wp\/v2\/posts\/36773\/revisions\/36775"}],"wp:featuredmedia":[{"embeddable":true,"href":"https:\/\/encuentroinformativo.com.mx\/index.php?rest_route=\/wp\/v2\/media\/36774"}],"wp:attachment":[{"href":"https:\/\/encuentroinformativo.com.mx\/index.php?rest_route=%2Fwp%2Fv2%2Fmedia&parent=36773"}],"wp:term":[{"taxonomy":"category","embeddable":true,"href":"https:\/\/encuentroinformativo.com.mx\/index.php?rest_route=%2Fwp%2Fv2%2Fcategories&post=36773"},{"taxonomy":"post_tag","embeddable":true,"href":"https:\/\/encuentroinformativo.com.mx\/index.php?rest_route=%2Fwp%2Fv2%2Ftags&post=36773"}],"curies":[{"name":"wp","href":"https:\/\/api.w.org\/{rel}","templated":true}]}}