{"id":36780,"date":"2023-02-14T14:17:01","date_gmt":"2023-02-14T20:17:01","guid":{"rendered":"https:\/\/encuentroinformativo.com.mx\/?p=36780"},"modified":"2023-02-14T14:17:06","modified_gmt":"2023-02-14T20:17:06","slug":"empresarios-daran-capacitacion-a-emprendedores-en-medellin-de-bravo","status":"publish","type":"post","link":"https:\/\/encuentroinformativo.com.mx\/?p=36780","title":{"rendered":"Empresarios dar\u00e1n capacitaci\u00f3n a emprendedores en Medell\u00edn de Bravo"},"content":{"rendered":"\n<p><strong>Alejandro \u00c1vila<\/strong><\/p>\n\n\n\n<p>Boca del R\u00edo, Ver.- El empresario Guillermo Herrada Jim\u00e9nez anunci\u00f3 que se dar\u00e1n capacitaciones a los emprendedores del municipio de Medell\u00edn de Bravo.<\/p>\n\n\n\n<p>En primera instancia se har\u00e1 con los due\u00f1os de barber\u00edas y due\u00f1as de est\u00e9ticas, posteriormente se continuar\u00e1 con microempresarios de otros rubros.<\/p>\n\n\n\n<p>&#8220;Hace unos d\u00edas dimos la noticia de que viene un apoyo para los barberos, los estilistas de todo nuestro municipio de Medell\u00edn, porque sabemos perfectamente que este sector est\u00e1 muy descuidado en general, los peque\u00f1os y los medianos empresarios o microempresarios no tienen el apoyo de nuestro gobierno, entonces vamos a traer a diversos personajes para que le den capacitaciones a estas personas, los vamos a apoyar con algunas cosas para que tambi\u00e9n ellos incrementan sus negocios&#8221;, destac\u00f3 Herrada Jim\u00e9nez.<\/p>\n\n\n\n<p>El empresario qui\u00e9n fuera candidato a la alcald\u00eda de Medell\u00edn de Bravo, dijo que sus Casas de Enlace contin\u00faan funcionando y en ellas pueden obtener la Membres\u00eda Memo, con la cual obtendr\u00e1n descuentos en cl\u00ednicas abarrotes y se les dotar\u00e1 de cursos y capacitaciones.<\/p>\n\n\n\n<p>&#8220;No nada m\u00e1s vienen esos proyectos, mes con mes ustedes saben que venimos apoyando a nuestro municipio de Medell\u00edn, que sigan nuestras redes y ah\u00ed vamos a seguir apoyando a quienes m\u00e1s lo necesitan (\u2026) hay Casas Memo&#8217;s en diferentes partes del municipio, hay en Paso del Toro, en Los Robles, en El Tejar, en Playa de Vacas, en todos los puntos que ya la mayor\u00eda de la gente conoce, ah\u00ed se pueden inscribir y en nuestras p\u00e1ginas de redes sociales&#8221;, remat\u00f3.<\/p>\n\n\n\n<p>Est\u00e1 martes 14 de febrero la Asociaci\u00f3n Civil que preside traslado a 200 ni\u00f1os del municipio de Medell\u00edn de Bravo a una sala de cine para que disfrutaran de una pel\u00edcula.<\/p>\n","protected":false},"excerpt":{"rendered":"<p>Alejandro \u00c1vila Boca del R\u00edo, Ver.- El empresario Guillermo Herrada Jim\u00e9nez anunci\u00f3 que se dar\u00e1n capacitaciones a los emprendedores del municipio de Medell\u00edn de Bravo. En primera instancia se har\u00e1 con los due\u00f1os de barber\u00edas y due\u00f1as de est\u00e9ticas, posteriormente se continuar\u00e1 con microempresarios de otros rubros. &#8220;Hace unos d\u00edas dimos la noticia de que [&hellip;]<\/p>\n","protected":false},"author":2476,"featured_media":36781,"comment_status":"open","ping_status":"open","sticky":false,"template":"","format":"standard","meta":{"_jetpack_memberships_contains_paid_content":false,"footnotes":""},"categories":[2],"tags":[],"class_list":["post-36780","post","type-post","status-publish","format-standard","has-post-thumbnail","hentry","category-estado"],"jetpack_featured_media_url":"https:\/\/encuentroinformativo.com.mx\/wp-content\/uploads\/2023\/02\/IMG-20230214-WA0082.jpg","jetpack_sharing_enabled":true,"jetpack_likes_enabled":true,"amp_enabled":true,"_links":{"self":[{"href":"https:\/\/encuentroinformativo.com.mx\/index.php?rest_route=\/wp\/v2\/posts\/36780","targetHints":{"allow":["GET"]}}],"collection":[{"href":"https:\/\/encuentroinformativo.com.mx\/index.php?rest_route=\/wp\/v2\/posts"}],"about":[{"href":"https:\/\/encuentroinformativo.com.mx\/index.php?rest_route=\/wp\/v2\/types\/post"}],"author":[{"embeddable":true,"href":"https:\/\/encuentroinformativo.com.mx\/index.php?rest_route=\/wp\/v2\/users\/2476"}],"replies":[{"embeddable":true,"href":"https:\/\/encuentroinformativo.com.mx\/index.php?rest_route=%2Fwp%2Fv2%2Fcomments&post=36780"}],"version-history":[{"count":1,"href":"https:\/\/encuentroinformativo.com.mx\/index.php?rest_route=\/wp\/v2\/posts\/36780\/revisions"}],"predecessor-version":[{"id":36782,"href":"https:\/\/encuentroinformativo.com.mx\/index.php?rest_route=\/wp\/v2\/posts\/36780\/revisions\/36782"}],"wp:featuredmedia":[{"embeddable":true,"href":"https:\/\/encuentroinformativo.com.mx\/index.php?rest_route=\/wp\/v2\/media\/36781"}],"wp:attachment":[{"href":"https:\/\/encuentroinformativo.com.mx\/index.php?rest_route=%2Fwp%2Fv2%2Fmedia&parent=36780"}],"wp:term":[{"taxonomy":"category","embeddable":true,"href":"https:\/\/encuentroinformativo.com.mx\/index.php?rest_route=%2Fwp%2Fv2%2Fcategories&post=36780"},{"taxonomy":"post_tag","embeddable":true,"href":"https:\/\/encuentroinformativo.com.mx\/index.php?rest_route=%2Fwp%2Fv2%2Ftags&post=36780"}],"curies":[{"name":"wp","href":"https:\/\/api.w.org\/{rel}","templated":true}]}}