{"id":36817,"date":"2023-02-15T11:08:59","date_gmt":"2023-02-15T17:08:59","guid":{"rendered":"https:\/\/encuentroinformativo.com.mx\/?p=36817"},"modified":"2023-02-15T11:09:02","modified_gmt":"2023-02-15T17:09:02","slug":"denuncian-cobros-excesivos-de-cfe-en-escuela-de-naolinco","status":"publish","type":"post","link":"https:\/\/encuentroinformativo.com.mx\/?p=36817","title":{"rendered":"Denuncian cobros excesivos de CFE en escuela de Naolinco"},"content":{"rendered":"\n<p><strong>Israel Garc\u00eda<\/strong><\/p>\n\n\n\n<p>Xalapa, Ver.- Padres de familia y alumnos de la telesecundaria Frida Kahlo del municipio de Naolinco, se manifestaron afuera del Palacio de Gobierno para pedir el apoyo del mandatario estatal, ya que los pagos de recibo de luz les llegan excesivamente caros.<\/p>\n\n\n\n<p>A decir de los inconformes los \u00faltimos recibos de la Comisi\u00f3n Federal de Electricidad (CFE) les han llegado hasta de 2 mil 660 pesos cuando antes \u00fanicamente pagaban 50 pesos.<\/p>\n\n\n\n<p>Acusaron que el presidente municipal de &#8220;Naolinco se hace de la vista gorda&#8221; bajo el argumento de que es un tema \u201cque no le compete\u201d.<\/p>\n\n\n\n<p>Ante ello la madre de familia dijo que optaron por trasladarse hasta Xalapa para pedir el apoyo a la Secretar\u00eda de Educaci\u00f3n de Veracruz (SEV) y al Gobernador Cuitl\u00e1huac Garc\u00eda Jim\u00e9nez.<\/p>\n\n\n\n<figure class=\"wp-block-image size-large\"><img loading=\"lazy\" decoding=\"async\" width=\"1024\" height=\"465\" src=\"https:\/\/encuentroinformativo.com.mx\/wp-content\/uploads\/2023\/02\/Photo_1676480799498-1024x465.jpg\" alt=\"\" class=\"wp-image-36818\" srcset=\"https:\/\/encuentroinformativo.com.mx\/wp-content\/uploads\/2023\/02\/Photo_1676480799498-1024x465.jpg 1024w, https:\/\/encuentroinformativo.com.mx\/wp-content\/uploads\/2023\/02\/Photo_1676480799498-300x136.jpg 300w, https:\/\/encuentroinformativo.com.mx\/wp-content\/uploads\/2023\/02\/Photo_1676480799498-768x349.jpg 768w, https:\/\/encuentroinformativo.com.mx\/wp-content\/uploads\/2023\/02\/Photo_1676480799498-1536x698.jpg 1536w, https:\/\/encuentroinformativo.com.mx\/wp-content\/uploads\/2023\/02\/Photo_1676480799498.jpg 1600w\" sizes=\"auto, (max-width: 1024px) 100vw, 1024px\" \/><\/figure>\n","protected":false},"excerpt":{"rendered":"<p>Israel Garc\u00eda Xalapa, Ver.- Padres de familia y alumnos de la telesecundaria Frida Kahlo del municipio de Naolinco, se manifestaron afuera del Palacio de Gobierno para pedir el apoyo del mandatario estatal, ya que los pagos de recibo de luz les llegan excesivamente caros. A decir de los inconformes los \u00faltimos recibos de la Comisi\u00f3n [&hellip;]<\/p>\n","protected":false},"author":2476,"featured_media":36819,"comment_status":"open","ping_status":"open","sticky":false,"template":"","format":"standard","meta":{"_jetpack_memberships_contains_paid_content":false,"footnotes":""},"categories":[8],"tags":[],"class_list":["post-36817","post","type-post","status-publish","format-standard","has-post-thumbnail","hentry","category-region"],"jetpack_featured_media_url":"https:\/\/encuentroinformativo.com.mx\/wp-content\/uploads\/2023\/02\/Photo_1676480768338.jpg","jetpack_sharing_enabled":true,"jetpack_likes_enabled":true,"amp_enabled":true,"_links":{"self":[{"href":"https:\/\/encuentroinformativo.com.mx\/index.php?rest_route=\/wp\/v2\/posts\/36817","targetHints":{"allow":["GET"]}}],"collection":[{"href":"https:\/\/encuentroinformativo.com.mx\/index.php?rest_route=\/wp\/v2\/posts"}],"about":[{"href":"https:\/\/encuentroinformativo.com.mx\/index.php?rest_route=\/wp\/v2\/types\/post"}],"author":[{"embeddable":true,"href":"https:\/\/encuentroinformativo.com.mx\/index.php?rest_route=\/wp\/v2\/users\/2476"}],"replies":[{"embeddable":true,"href":"https:\/\/encuentroinformativo.com.mx\/index.php?rest_route=%2Fwp%2Fv2%2Fcomments&post=36817"}],"version-history":[{"count":1,"href":"https:\/\/encuentroinformativo.com.mx\/index.php?rest_route=\/wp\/v2\/posts\/36817\/revisions"}],"predecessor-version":[{"id":36820,"href":"https:\/\/encuentroinformativo.com.mx\/index.php?rest_route=\/wp\/v2\/posts\/36817\/revisions\/36820"}],"wp:featuredmedia":[{"embeddable":true,"href":"https:\/\/encuentroinformativo.com.mx\/index.php?rest_route=\/wp\/v2\/media\/36819"}],"wp:attachment":[{"href":"https:\/\/encuentroinformativo.com.mx\/index.php?rest_route=%2Fwp%2Fv2%2Fmedia&parent=36817"}],"wp:term":[{"taxonomy":"category","embeddable":true,"href":"https:\/\/encuentroinformativo.com.mx\/index.php?rest_route=%2Fwp%2Fv2%2Fcategories&post=36817"},{"taxonomy":"post_tag","embeddable":true,"href":"https:\/\/encuentroinformativo.com.mx\/index.php?rest_route=%2Fwp%2Fv2%2Ftags&post=36817"}],"curies":[{"name":"wp","href":"https:\/\/api.w.org\/{rel}","templated":true}]}}