{"id":36833,"date":"2023-02-15T12:52:25","date_gmt":"2023-02-15T18:52:25","guid":{"rendered":"https:\/\/encuentroinformativo.com.mx\/?p=36833"},"modified":"2023-02-15T12:52:29","modified_gmt":"2023-02-15T18:52:29","slug":"jubilados-reclaman-pago-de-seguro-institucional-en-la-sev","status":"publish","type":"post","link":"https:\/\/encuentroinformativo.com.mx\/?p=36833","title":{"rendered":"Jubilados reclaman pago de seguro institucional en la SEV"},"content":{"rendered":"\n<p><strong>Dar\u00edo Pale <\/strong><\/p>\n\n\n\n<p>Xalapa, Ver.- Docentes jubilados se manifestaron frente a las instalaciones de la Secretar\u00eda de Educaci\u00f3n de Veracruz (SEV), para solicitar se les aclare su situaci\u00f3n sobre el pago de su seguro institucional.<\/p>\n\n\n\n<p>La ma\u00f1ana de este mi\u00e9rcoles unos cuantos jubilados se manifestaron en las instalaciones de la SEV para solicitar una audiencia con el titular de dicha dependencia Zenyazen Escobar Garc\u00eda, y les aclaren su situaci\u00f3n con las aseguradoras.<\/p>\n\n\n\n<p>Durante la manifestaci\u00f3n portaron unas lonas con las siguientes leyendas: &#8220;\u00a1ya basta! Exigimos el pago del seguro institucional&#8221;, &#8220;basta de injusticias exigimos el pago del seguro institucional&#8221;.<\/p>\n\n\n\n<p>Finalmente cabe se\u00f1alar que fueron atendidas por personal del departamento jur\u00eddico de recursos humanos, de la Oficial\u00eda Mayor y de la aseguradora.<\/p>\n\n\n\n<figure class=\"wp-block-image size-large\"><img loading=\"lazy\" decoding=\"async\" width=\"1024\" height=\"576\" src=\"https:\/\/encuentroinformativo.com.mx\/wp-content\/uploads\/2023\/02\/IMG-20230215-WA0052-1024x576.jpg\" alt=\"\" class=\"wp-image-36835\" srcset=\"https:\/\/encuentroinformativo.com.mx\/wp-content\/uploads\/2023\/02\/IMG-20230215-WA0052-1024x576.jpg 1024w, https:\/\/encuentroinformativo.com.mx\/wp-content\/uploads\/2023\/02\/IMG-20230215-WA0052-300x169.jpg 300w, https:\/\/encuentroinformativo.com.mx\/wp-content\/uploads\/2023\/02\/IMG-20230215-WA0052-768x432.jpg 768w, https:\/\/encuentroinformativo.com.mx\/wp-content\/uploads\/2023\/02\/IMG-20230215-WA0052-1536x864.jpg 1536w, https:\/\/encuentroinformativo.com.mx\/wp-content\/uploads\/2023\/02\/IMG-20230215-WA0052.jpg 1599w\" sizes=\"auto, (max-width: 1024px) 100vw, 1024px\" \/><\/figure>\n","protected":false},"excerpt":{"rendered":"<p>Dar\u00edo Pale Xalapa, Ver.- Docentes jubilados se manifestaron frente a las instalaciones de la Secretar\u00eda de Educaci\u00f3n de Veracruz (SEV), para solicitar se les aclare su situaci\u00f3n sobre el pago de su seguro institucional. La ma\u00f1ana de este mi\u00e9rcoles unos cuantos jubilados se manifestaron en las instalaciones de la SEV para solicitar una audiencia con [&hellip;]<\/p>\n","protected":false},"author":2476,"featured_media":36834,"comment_status":"open","ping_status":"open","sticky":false,"template":"","format":"standard","meta":{"_jetpack_memberships_contains_paid_content":false,"footnotes":""},"categories":[3],"tags":[],"class_list":["post-36833","post","type-post","status-publish","format-standard","has-post-thumbnail","hentry","category-xalapa"],"jetpack_featured_media_url":"https:\/\/encuentroinformativo.com.mx\/wp-content\/uploads\/2023\/02\/IMG-20230215-WA0051.jpg","jetpack_sharing_enabled":true,"jetpack_likes_enabled":true,"amp_enabled":true,"_links":{"self":[{"href":"https:\/\/encuentroinformativo.com.mx\/index.php?rest_route=\/wp\/v2\/posts\/36833","targetHints":{"allow":["GET"]}}],"collection":[{"href":"https:\/\/encuentroinformativo.com.mx\/index.php?rest_route=\/wp\/v2\/posts"}],"about":[{"href":"https:\/\/encuentroinformativo.com.mx\/index.php?rest_route=\/wp\/v2\/types\/post"}],"author":[{"embeddable":true,"href":"https:\/\/encuentroinformativo.com.mx\/index.php?rest_route=\/wp\/v2\/users\/2476"}],"replies":[{"embeddable":true,"href":"https:\/\/encuentroinformativo.com.mx\/index.php?rest_route=%2Fwp%2Fv2%2Fcomments&post=36833"}],"version-history":[{"count":1,"href":"https:\/\/encuentroinformativo.com.mx\/index.php?rest_route=\/wp\/v2\/posts\/36833\/revisions"}],"predecessor-version":[{"id":36836,"href":"https:\/\/encuentroinformativo.com.mx\/index.php?rest_route=\/wp\/v2\/posts\/36833\/revisions\/36836"}],"wp:featuredmedia":[{"embeddable":true,"href":"https:\/\/encuentroinformativo.com.mx\/index.php?rest_route=\/wp\/v2\/media\/36834"}],"wp:attachment":[{"href":"https:\/\/encuentroinformativo.com.mx\/index.php?rest_route=%2Fwp%2Fv2%2Fmedia&parent=36833"}],"wp:term":[{"taxonomy":"category","embeddable":true,"href":"https:\/\/encuentroinformativo.com.mx\/index.php?rest_route=%2Fwp%2Fv2%2Fcategories&post=36833"},{"taxonomy":"post_tag","embeddable":true,"href":"https:\/\/encuentroinformativo.com.mx\/index.php?rest_route=%2Fwp%2Fv2%2Ftags&post=36833"}],"curies":[{"name":"wp","href":"https:\/\/api.w.org\/{rel}","templated":true}]}}