{"id":36841,"date":"2023-02-15T13:48:03","date_gmt":"2023-02-15T19:48:03","guid":{"rendered":"https:\/\/encuentroinformativo.com.mx\/?p=36841"},"modified":"2023-02-15T13:48:07","modified_gmt":"2023-02-15T19:48:07","slug":"ocupa-veracruz-segundo-lugar-en-casos-de-cancer-infantil","status":"publish","type":"post","link":"https:\/\/encuentroinformativo.com.mx\/?p=36841","title":{"rendered":"Ocupa Veracruz segundo lugar en casos de c\u00e1ncer infantil"},"content":{"rendered":"\n<p><strong>Alejandro \u00c1vila<\/strong><\/p>\n\n\n\n<p>Veracruz, Ver.- Sergio G\u00f3mez Dorantes, Onc\u00f3logo Pediatra del Hospital Infantil de Veracruz, reconoci\u00f3 que la entidad es, a nivel nacional, la segunda en casos de c\u00e1ncer infantil; siendo la zona sur d\u00f3nde se concentra el mayor n\u00famero de casos.<\/p>\n\n\n\n<p>Si bien recalc\u00f3 que no existe un estudio espec\u00edfico de las causas del por qu\u00e9 hay m\u00e1s casos de c\u00e1ncer infantil en la zona sur, agreg\u00f3 que podr\u00eda ser debido a la situaci\u00f3n geogr\u00e1fica, pues en aquella zona hay una vocaci\u00f3n industrial agroqu\u00edmica y petrolera, desde la Cuenca del Papaloapan hasta Coatzacoalcos.<\/p>\n\n\n\n<p>\u201cAnalizando las estad\u00edsticas, el estado de Veracruz es el lugar con m\u00e1s c\u00e1ncer infantil a nivel nacional despu\u00e9s del Estado de M\u00e9xico. Puede ser que los agentes agroqu\u00edmicos, la exposici\u00f3n a los derivados del petr\u00f3leo, derivado del benceno, hay muchos ni\u00f1os en la zona de Coatzacoalcos, hay muchos ni\u00f1os aqu\u00ed en Veracruz de Los Tuxtlas, de la Cuenca del Papaloapan, de la zona pi\u00f1era\u201d, indic\u00f3.&nbsp;<\/p>\n\n\n\n<p>A la fecha, se\u00f1al\u00f3 que la Torre Pedi\u00e1trica de Veracruz se encuentra en su tope l\u00edmite con las 16 camas ocupadas, y teniendo pacientes en su mayor\u00eda de cuatro a seis a\u00f1os, hasta un joven de 17 a\u00f1os de edad.<\/p>\n\n\n\n<p>Si bien dijo que lo ideal es la detecci\u00f3n temprana para iniciar con los tratamientos oportunos y tener un mayor porcentaje de \u00e9xito, lament\u00f3 que los diagn\u00f3sticos, a veces pueden tardar hasta un a\u00f1o.<\/p>\n\n\n\n<p>Aunque de llevarse a cabo el procedimiento adecuado, en una semana se puede saber si un menor tiene c\u00e1ncer.&nbsp;<\/p>\n\n\n\n<p>\u201cEn el c\u00e1ncer infantil se va presentar con s\u00edntomas persistentes, una fiebre que dura m\u00e1s de 7 d\u00edas y que no se logra controlar con paracetamol, con antibi\u00f3ticos, entonces tiene que ir al doctor. un ni\u00f1o que presenta dolor de cabeza, que lo despierta, que se acompa\u00f1a con v\u00f3mito y que presenta alg\u00fan d\u00e9ficit neurol\u00f3gico tiene que ir forzosamente con el doctor\u201d.&nbsp;<\/p>\n","protected":false},"excerpt":{"rendered":"<p>Alejandro \u00c1vila Veracruz, Ver.- Sergio G\u00f3mez Dorantes, Onc\u00f3logo Pediatra del Hospital Infantil de Veracruz, reconoci\u00f3 que la entidad es, a nivel nacional, la segunda en casos de c\u00e1ncer infantil; siendo la zona sur d\u00f3nde se concentra el mayor n\u00famero de casos. Si bien recalc\u00f3 que no existe un estudio espec\u00edfico de las causas del por [&hellip;]<\/p>\n","protected":false},"author":2476,"featured_media":36842,"comment_status":"open","ping_status":"open","sticky":false,"template":"","format":"standard","meta":{"_jetpack_memberships_contains_paid_content":false,"footnotes":""},"categories":[9],"tags":[],"class_list":["post-36841","post","type-post","status-publish","format-standard","has-post-thumbnail","hentry","category-salud"],"jetpack_featured_media_url":"https:\/\/encuentroinformativo.com.mx\/wp-content\/uploads\/2023\/02\/IMG-20230215-WA0060.jpg","jetpack_sharing_enabled":true,"jetpack_likes_enabled":true,"amp_enabled":true,"_links":{"self":[{"href":"https:\/\/encuentroinformativo.com.mx\/index.php?rest_route=\/wp\/v2\/posts\/36841","targetHints":{"allow":["GET"]}}],"collection":[{"href":"https:\/\/encuentroinformativo.com.mx\/index.php?rest_route=\/wp\/v2\/posts"}],"about":[{"href":"https:\/\/encuentroinformativo.com.mx\/index.php?rest_route=\/wp\/v2\/types\/post"}],"author":[{"embeddable":true,"href":"https:\/\/encuentroinformativo.com.mx\/index.php?rest_route=\/wp\/v2\/users\/2476"}],"replies":[{"embeddable":true,"href":"https:\/\/encuentroinformativo.com.mx\/index.php?rest_route=%2Fwp%2Fv2%2Fcomments&post=36841"}],"version-history":[{"count":1,"href":"https:\/\/encuentroinformativo.com.mx\/index.php?rest_route=\/wp\/v2\/posts\/36841\/revisions"}],"predecessor-version":[{"id":36843,"href":"https:\/\/encuentroinformativo.com.mx\/index.php?rest_route=\/wp\/v2\/posts\/36841\/revisions\/36843"}],"wp:featuredmedia":[{"embeddable":true,"href":"https:\/\/encuentroinformativo.com.mx\/index.php?rest_route=\/wp\/v2\/media\/36842"}],"wp:attachment":[{"href":"https:\/\/encuentroinformativo.com.mx\/index.php?rest_route=%2Fwp%2Fv2%2Fmedia&parent=36841"}],"wp:term":[{"taxonomy":"category","embeddable":true,"href":"https:\/\/encuentroinformativo.com.mx\/index.php?rest_route=%2Fwp%2Fv2%2Fcategories&post=36841"},{"taxonomy":"post_tag","embeddable":true,"href":"https:\/\/encuentroinformativo.com.mx\/index.php?rest_route=%2Fwp%2Fv2%2Ftags&post=36841"}],"curies":[{"name":"wp","href":"https:\/\/api.w.org\/{rel}","templated":true}]}}