{"id":36852,"date":"2023-02-15T22:13:11","date_gmt":"2023-02-16T04:13:11","guid":{"rendered":"https:\/\/encuentroinformativo.com.mx\/?p=36852"},"modified":"2023-02-15T22:13:17","modified_gmt":"2023-02-16T04:13:17","slug":"se-registra-tragico-accidente-sobre-la-carretera-a-jalcomulco","status":"publish","type":"post","link":"https:\/\/encuentroinformativo.com.mx\/?p=36852","title":{"rendered":"Se registra tr\u00e1gico accidente sobre la carretera a Jalcomulco"},"content":{"rendered":"\n<p><strong>*Al momento se habla de una persona fallecida y m\u00e1s de quince personas heridas, incluyendo menores de edad. <\/strong><\/p>\n\n\n\n<p><strong>Dar\u00edo Pale<\/strong><\/p>\n\n\n\n<p>Coatepec, Ver.- Aproximadamente a las 20:00 horas se registr\u00f3 un tr\u00e1gico accidente en la carretera Coatepec-Jalcomulco a la altura de la localidad de Tuzamapa donde de forma preliminar se manejan 14 personas lesionadas y uno de ellos lamentablemente perdi\u00f3 la vida.<\/p>\n\n\n\n<p>El choque fue entre una unidad de autobuses de la l\u00ednea Azteca contra una camioneta tipo Van, por lo que se habla de decenas de personas lesionadas y al menos una persona fallecida que habr\u00eda quedado mutilada, ya que sobre la cinta asf\u00e1ltica, a unos metros del impacto de las unidades se encontr\u00f3 un brazo.<\/p>\n\n\n\n<p>Los hechos ocurrieron sobre la carretera Coatepec-Jalcomulco, a la altura de Tuzamapan, en el lugar conocido como La Veguilla, sitio al que arribaron diversas corporaciones de emergencias como grupo Panteras, Cruz Roja, Cruz Verde, Cruz \u00c1mbar, Escuadr\u00f3n Nacional de Rescate, Protecci\u00f3n Civil municipal de Emiliano Zapata y Escorpi\u00f3n entre otros, para brindar auxilio a las personas lesionadas luego de que el autob\u00fas quedara volcado.<\/p>\n\n\n\n<p>Personal de la Secretar\u00eda de Seguridad P\u00fablica del Estado apoy\u00f3 en las acciones, as\u00ed como personal de la Polic\u00eda Municipal de Coatepec.<\/p>\n\n\n\n<p>El impacto se origin\u00f3 entre una camioneta tipo Ford Van color blanca de frente a un \u00a0autob\u00fas de la l\u00ednea Azteca, por lo que este \u00faltimo se sali\u00f3 de la carretera dejando varias personas lesionadas y al menos una persona fallecida.<\/p>\n\n\n\n<p>Gran parte de los lesionados fueron trasladados al Centro de Alta Especialidad (CAE), para su debida atenci\u00f3n m\u00e9dica al igual que a otros hospitales.<\/p>\n\n\n\n<figure class=\"wp-block-image size-large\"><img loading=\"lazy\" decoding=\"async\" width=\"996\" height=\"631\" src=\"https:\/\/encuentroinformativo.com.mx\/wp-content\/uploads\/2023\/02\/IMG-20230215-WA0164.jpg\" alt=\"\" class=\"wp-image-36854\" srcset=\"https:\/\/encuentroinformativo.com.mx\/wp-content\/uploads\/2023\/02\/IMG-20230215-WA0164.jpg 996w, https:\/\/encuentroinformativo.com.mx\/wp-content\/uploads\/2023\/02\/IMG-20230215-WA0164-300x190.jpg 300w, https:\/\/encuentroinformativo.com.mx\/wp-content\/uploads\/2023\/02\/IMG-20230215-WA0164-768x487.jpg 768w\" sizes=\"auto, (max-width: 996px) 100vw, 996px\" \/><\/figure>\n\n\n\n<figure class=\"wp-block-image size-large\"><img loading=\"lazy\" decoding=\"async\" width=\"1024\" height=\"768\" src=\"https:\/\/encuentroinformativo.com.mx\/wp-content\/uploads\/2023\/02\/IMG-20230215-WA0157-1024x768.jpg\" alt=\"\" class=\"wp-image-36855\" srcset=\"https:\/\/encuentroinformativo.com.mx\/wp-content\/uploads\/2023\/02\/IMG-20230215-WA0157-1024x768.jpg 1024w, https:\/\/encuentroinformativo.com.mx\/wp-content\/uploads\/2023\/02\/IMG-20230215-WA0157-300x225.jpg 300w, https:\/\/encuentroinformativo.com.mx\/wp-content\/uploads\/2023\/02\/IMG-20230215-WA0157-768x576.jpg 768w, https:\/\/encuentroinformativo.com.mx\/wp-content\/uploads\/2023\/02\/IMG-20230215-WA0157-1536x1152.jpg 1536w, https:\/\/encuentroinformativo.com.mx\/wp-content\/uploads\/2023\/02\/IMG-20230215-WA0157.jpg 1600w\" sizes=\"auto, (max-width: 1024px) 100vw, 1024px\" \/><\/figure>\n","protected":false},"excerpt":{"rendered":"<p>*Al momento se habla de una persona fallecida y m\u00e1s de quince personas heridas, incluyendo menores de edad. Dar\u00edo Pale Coatepec, Ver.- Aproximadamente a las 20:00 horas se registr\u00f3 un tr\u00e1gico accidente en la carretera Coatepec-Jalcomulco a la altura de la localidad de Tuzamapa donde de forma preliminar se manejan 14 personas lesionadas y uno [&hellip;]<\/p>\n","protected":false},"author":2476,"featured_media":36853,"comment_status":"open","ping_status":"open","sticky":false,"template":"","format":"standard","meta":{"_jetpack_memberships_contains_paid_content":false,"footnotes":""},"categories":[8],"tags":[],"class_list":["post-36852","post","type-post","status-publish","format-standard","has-post-thumbnail","hentry","category-region"],"jetpack_featured_media_url":"https:\/\/encuentroinformativo.com.mx\/wp-content\/uploads\/2023\/02\/IMG-20230215-WA0167.jpg","jetpack_sharing_enabled":true,"jetpack_likes_enabled":true,"amp_enabled":true,"_links":{"self":[{"href":"https:\/\/encuentroinformativo.com.mx\/index.php?rest_route=\/wp\/v2\/posts\/36852","targetHints":{"allow":["GET"]}}],"collection":[{"href":"https:\/\/encuentroinformativo.com.mx\/index.php?rest_route=\/wp\/v2\/posts"}],"about":[{"href":"https:\/\/encuentroinformativo.com.mx\/index.php?rest_route=\/wp\/v2\/types\/post"}],"author":[{"embeddable":true,"href":"https:\/\/encuentroinformativo.com.mx\/index.php?rest_route=\/wp\/v2\/users\/2476"}],"replies":[{"embeddable":true,"href":"https:\/\/encuentroinformativo.com.mx\/index.php?rest_route=%2Fwp%2Fv2%2Fcomments&post=36852"}],"version-history":[{"count":1,"href":"https:\/\/encuentroinformativo.com.mx\/index.php?rest_route=\/wp\/v2\/posts\/36852\/revisions"}],"predecessor-version":[{"id":36856,"href":"https:\/\/encuentroinformativo.com.mx\/index.php?rest_route=\/wp\/v2\/posts\/36852\/revisions\/36856"}],"wp:featuredmedia":[{"embeddable":true,"href":"https:\/\/encuentroinformativo.com.mx\/index.php?rest_route=\/wp\/v2\/media\/36853"}],"wp:attachment":[{"href":"https:\/\/encuentroinformativo.com.mx\/index.php?rest_route=%2Fwp%2Fv2%2Fmedia&parent=36852"}],"wp:term":[{"taxonomy":"category","embeddable":true,"href":"https:\/\/encuentroinformativo.com.mx\/index.php?rest_route=%2Fwp%2Fv2%2Fcategories&post=36852"},{"taxonomy":"post_tag","embeddable":true,"href":"https:\/\/encuentroinformativo.com.mx\/index.php?rest_route=%2Fwp%2Fv2%2Ftags&post=36852"}],"curies":[{"name":"wp","href":"https:\/\/api.w.org\/{rel}","templated":true}]}}