{"id":36861,"date":"2023-02-16T09:35:49","date_gmt":"2023-02-16T15:35:49","guid":{"rendered":"https:\/\/encuentroinformativo.com.mx\/?p=36861"},"modified":"2023-02-16T09:35:53","modified_gmt":"2023-02-16T15:35:53","slug":"ninos-papantecos-invitados-a-curso-de-piano-en-museo-de-cultura-de-paises-bajos","status":"publish","type":"post","link":"https:\/\/encuentroinformativo.com.mx\/?p=36861","title":{"rendered":"Ni\u00f1os papantecos invitados a curso de piano en Museo de Cultura de Pa\u00edses Bajos"},"content":{"rendered":"\n<p><strong>Alejandro \u00c1vila<\/strong><\/p>\n\n\n\n<p>Papantla, Ver.- Cuatro ni\u00f1os papantecos lograron recaudar los fondos necesarios para acudir a un curso de piano en el Museo de Cultura de Pa\u00edses Bajos, donde tomar\u00e1n clases con maestros de China y Rusia.<\/p>\n\n\n\n<p>El pasado fin de semana se llev\u00f3 a cabo un Marat\u00f3n de Piano en la explanada del z\u00f3calo de Papantla, donde alumnos de la Casa de Cultura &#8220;Lazara Meldi\u00fa&#8221;, lograron completar los fondos para su viaje.<\/p>\n\n\n\n<p>El maestro del taller, Jes\u00fas Lepe Rico, record\u00f3 que los alumnos y sus padres llevaban d\u00edas &#8220;boteando&#8221; y vendiendo comida para lograr recaudar el monto necesario para su viaje.<\/p>\n\n\n\n<p>\u201cLas autoridades municipales nos han estado apoyando en todo momento para el desarrollo de todas las actividades que se realizan por parte de este taller de piano\u201d, destac\u00f3 el docente de m\u00fasica.<\/p>\n\n\n\n<p>Los peque\u00f1os que har\u00e1n el viaje a la ciudad de Breda son oriundos de Papantla, dos de la cabecera municipal, una ni\u00f1a de la localidad de Pueblillo, y otro ni\u00f1o de la comunidad de Seraf\u00edn Olarte; estos har\u00e1n su traves\u00eda en compa\u00f1\u00eda de un tutor y del maestro de la ciudad, por lo que son 9 las personas que conforman el grupo de viajeros.<\/p>\n\n\n\n<p>Jes\u00fas Lepe, dijo que el Museo de Cultura de Pa\u00edses Bajos ya tiene listo el programa de actividades que van a realizar durante los cuatro d\u00edas de estancia, donde adem\u00e1s de la m\u00fasica, tomar\u00e1n clases de danza y convivir\u00e1n con otros estudiantes de su misma edad.<\/p>\n\n\n\n<p>Finalmente, Lepe Rico, explic\u00f3 que \u00e9l dar\u00e1 una conferencia sobre el movimiento musical de piano que se ha dado en Papantla y que esta destacando a nivel nacional e internacional, gracias al puente cultural que existe con la escuela del Conservatorio&nbsp; de Breda.<\/p>\n","protected":false},"excerpt":{"rendered":"<p>Alejandro \u00c1vila Papantla, Ver.- Cuatro ni\u00f1os papantecos lograron recaudar los fondos necesarios para acudir a un curso de piano en el Museo de Cultura de Pa\u00edses Bajos, donde tomar\u00e1n clases con maestros de China y Rusia. El pasado fin de semana se llev\u00f3 a cabo un Marat\u00f3n de Piano en la explanada del z\u00f3calo de [&hellip;]<\/p>\n","protected":false},"author":2476,"featured_media":36862,"comment_status":"open","ping_status":"open","sticky":false,"template":"","format":"standard","meta":{"_jetpack_memberships_contains_paid_content":false,"footnotes":""},"categories":[2],"tags":[],"class_list":["post-36861","post","type-post","status-publish","format-standard","has-post-thumbnail","hentry","category-estado"],"jetpack_featured_media_url":"https:\/\/encuentroinformativo.com.mx\/wp-content\/uploads\/2023\/02\/IMG-20230216-WA00022.jpg","jetpack_sharing_enabled":true,"jetpack_likes_enabled":true,"amp_enabled":true,"_links":{"self":[{"href":"https:\/\/encuentroinformativo.com.mx\/index.php?rest_route=\/wp\/v2\/posts\/36861","targetHints":{"allow":["GET"]}}],"collection":[{"href":"https:\/\/encuentroinformativo.com.mx\/index.php?rest_route=\/wp\/v2\/posts"}],"about":[{"href":"https:\/\/encuentroinformativo.com.mx\/index.php?rest_route=\/wp\/v2\/types\/post"}],"author":[{"embeddable":true,"href":"https:\/\/encuentroinformativo.com.mx\/index.php?rest_route=\/wp\/v2\/users\/2476"}],"replies":[{"embeddable":true,"href":"https:\/\/encuentroinformativo.com.mx\/index.php?rest_route=%2Fwp%2Fv2%2Fcomments&post=36861"}],"version-history":[{"count":1,"href":"https:\/\/encuentroinformativo.com.mx\/index.php?rest_route=\/wp\/v2\/posts\/36861\/revisions"}],"predecessor-version":[{"id":36863,"href":"https:\/\/encuentroinformativo.com.mx\/index.php?rest_route=\/wp\/v2\/posts\/36861\/revisions\/36863"}],"wp:featuredmedia":[{"embeddable":true,"href":"https:\/\/encuentroinformativo.com.mx\/index.php?rest_route=\/wp\/v2\/media\/36862"}],"wp:attachment":[{"href":"https:\/\/encuentroinformativo.com.mx\/index.php?rest_route=%2Fwp%2Fv2%2Fmedia&parent=36861"}],"wp:term":[{"taxonomy":"category","embeddable":true,"href":"https:\/\/encuentroinformativo.com.mx\/index.php?rest_route=%2Fwp%2Fv2%2Fcategories&post=36861"},{"taxonomy":"post_tag","embeddable":true,"href":"https:\/\/encuentroinformativo.com.mx\/index.php?rest_route=%2Fwp%2Fv2%2Ftags&post=36861"}],"curies":[{"name":"wp","href":"https:\/\/api.w.org\/{rel}","templated":true}]}}