{"id":36870,"date":"2023-02-16T10:58:40","date_gmt":"2023-02-16T16:58:40","guid":{"rendered":"https:\/\/encuentroinformativo.com.mx\/?p=36870"},"modified":"2023-02-16T10:58:43","modified_gmt":"2023-02-16T16:58:43","slug":"con-bloqueos-padres-reclaman-mantenimiento-a-primaria-ferrer-guardia","status":"publish","type":"post","link":"https:\/\/encuentroinformativo.com.mx\/?p=36870","title":{"rendered":"Con bloqueos, padres reclaman mantenimiento a primaria Ferrer Guardia"},"content":{"rendered":"\n<p><strong>Dar\u00edo Pale<\/strong><\/p>\n\n\n\n<p>Xalapa, Ver.- Padres de familia y docentes de la escuela primaria Ferrer Guardia bloquearon las calles de Atletas y Venustiano Carranza con la finalidad de solicitar recursos, ya que el plantel ya es muy viejo y est\u00e1 muy deteriorado y representa un riesgo para los estudiantes.<\/p>\n\n\n\n<p>Entrevistado durante la manifestaci\u00f3n el director del plantel, Jos\u00e9 Ernesto M\u00e9ndez Jim\u00e9nez, se\u00f1al\u00f3 que aunque los padres han aportado recursos para el mantenimiento de la instituci\u00f3n no son suficientes y urge la rehabilitaci\u00f3n de las aulas hasta el cambio de techumbre en pasillos.\u00a0<\/p>\n\n\n\n<p>Dio a conocer que tiene 117 a\u00f1os de fundada y que por tal motivo presenta afectaci\u00f3n en los techos, por lo que reclamaron impermeabilizaci\u00f3n.<\/p>\n\n\n\n<p>Argumentan que la Direcci\u00f3n de Espacios Educativos no ha beneficiado a este plantel ubicado en el barrio del Dique.<\/p>\n\n\n\n<p>Y que desde hace m\u00e1s de 10 a\u00f1os no reciben apoyo econ\u00f3mico ni del Gobierno federal, estatal o municipal.<\/p>\n\n\n\n<p>&#8220;Hoy queremos llamar la atenci\u00f3n de la opini\u00f3n p\u00fablica y de las autoridades correspondientes para hacer notar que hace m\u00e1s de diez a\u00f1os no recibimos apoyo del gobierno federal, estatal ni municipal y las necesidades y carencias en nuestra escuela se han ido acumulando&#8221;, se\u00f1al\u00f3.<\/p>\n\n\n\n<p>&#8220;Por cierto la semana pasada Espacios Educativos nos inform\u00f3 que este a\u00f1o tampoco la escuela sera beneficiada con el recurso que ellos manejan. Por esta raz\u00f3n hacemos un llamado a las autoridades para que conozcan las necesidades siguientes y se nos apoye de inmediato&#8221;, agreg\u00f3.<\/p>\n\n\n\n<p>Actualmente son cerca de 500 alumnos los que estudian en el turno matutino y 100 en el nocturno, a\u00f1o con a\u00f1o autoridades escolares, la mesa directiva de la Asociaci\u00f3n de Padres de Familia y el Consejo Escolar de Participaci\u00f3n Social realizan la gestoria necesaria ante los organismos municipales y estatales para que los apoyen en el mantenimiento del edificio escolar, en la infraestructura y en recursos y materiales tecnol\u00f3gicos.<\/p>\n\n\n\n<p>Los inconformes pidieron la rehabilitaci\u00f3n de sanitarios de ni\u00f1as y ni\u00f1os, pintura del edificio interior y exterior, pintura de herrer\u00eda, la rehabilitaci\u00f3n de cuatro aulas que no tienen las dimensiones adecuadas para recibir clases.<\/p>\n\n\n\n<p>Se\u00f1alaron que el cambio de techo de algunos pasillos la impermeabilizaci\u00f3n de los techos de todo el edificio y el techado del patio civico, adem\u00e1s del cambio de ocho ventanales, la renovaci\u00f3n del equipo de c\u00f3mputo, salida de emergencia y la instalaci\u00f3n de un domo en la cancha deportiva.<\/p>\n\n\n\n<p>Y es que los padres informaron que la semana pasada Espacios Educativos nos inform\u00f3 que este a\u00f1o tampoco la escuela ser\u00e1 beneficiada con el recurso que ellos manejan.<\/p>\n\n\n\n<figure class=\"wp-block-image size-large\"><img loading=\"lazy\" decoding=\"async\" width=\"1024\" height=\"768\" src=\"https:\/\/encuentroinformativo.com.mx\/wp-content\/uploads\/2023\/02\/IMG-20230216-WA0024-1024x768.jpg\" alt=\"\" class=\"wp-image-36872\" srcset=\"https:\/\/encuentroinformativo.com.mx\/wp-content\/uploads\/2023\/02\/IMG-20230216-WA0024-1024x768.jpg 1024w, https:\/\/encuentroinformativo.com.mx\/wp-content\/uploads\/2023\/02\/IMG-20230216-WA0024-300x225.jpg 300w, https:\/\/encuentroinformativo.com.mx\/wp-content\/uploads\/2023\/02\/IMG-20230216-WA0024-768x576.jpg 768w, https:\/\/encuentroinformativo.com.mx\/wp-content\/uploads\/2023\/02\/IMG-20230216-WA0024-1536x1152.jpg 1536w, https:\/\/encuentroinformativo.com.mx\/wp-content\/uploads\/2023\/02\/IMG-20230216-WA0024.jpg 1600w\" sizes=\"auto, (max-width: 1024px) 100vw, 1024px\" \/><\/figure>\n","protected":false},"excerpt":{"rendered":"<p>Dar\u00edo Pale Xalapa, Ver.- Padres de familia y docentes de la escuela primaria Ferrer Guardia bloquearon las calles de Atletas y Venustiano Carranza con la finalidad de solicitar recursos, ya que el plantel ya es muy viejo y est\u00e1 muy deteriorado y representa un riesgo para los estudiantes. Entrevistado durante la manifestaci\u00f3n el director del [&hellip;]<\/p>\n","protected":false},"author":2476,"featured_media":36871,"comment_status":"open","ping_status":"open","sticky":false,"template":"","format":"standard","meta":{"_jetpack_memberships_contains_paid_content":false,"footnotes":""},"categories":[3],"tags":[],"class_list":["post-36870","post","type-post","status-publish","format-standard","has-post-thumbnail","hentry","category-xalapa"],"jetpack_featured_media_url":"https:\/\/encuentroinformativo.com.mx\/wp-content\/uploads\/2023\/02\/IMG-20230216-WA0020.jpg","jetpack_sharing_enabled":true,"jetpack_likes_enabled":true,"amp_enabled":true,"_links":{"self":[{"href":"https:\/\/encuentroinformativo.com.mx\/index.php?rest_route=\/wp\/v2\/posts\/36870","targetHints":{"allow":["GET"]}}],"collection":[{"href":"https:\/\/encuentroinformativo.com.mx\/index.php?rest_route=\/wp\/v2\/posts"}],"about":[{"href":"https:\/\/encuentroinformativo.com.mx\/index.php?rest_route=\/wp\/v2\/types\/post"}],"author":[{"embeddable":true,"href":"https:\/\/encuentroinformativo.com.mx\/index.php?rest_route=\/wp\/v2\/users\/2476"}],"replies":[{"embeddable":true,"href":"https:\/\/encuentroinformativo.com.mx\/index.php?rest_route=%2Fwp%2Fv2%2Fcomments&post=36870"}],"version-history":[{"count":1,"href":"https:\/\/encuentroinformativo.com.mx\/index.php?rest_route=\/wp\/v2\/posts\/36870\/revisions"}],"predecessor-version":[{"id":36873,"href":"https:\/\/encuentroinformativo.com.mx\/index.php?rest_route=\/wp\/v2\/posts\/36870\/revisions\/36873"}],"wp:featuredmedia":[{"embeddable":true,"href":"https:\/\/encuentroinformativo.com.mx\/index.php?rest_route=\/wp\/v2\/media\/36871"}],"wp:attachment":[{"href":"https:\/\/encuentroinformativo.com.mx\/index.php?rest_route=%2Fwp%2Fv2%2Fmedia&parent=36870"}],"wp:term":[{"taxonomy":"category","embeddable":true,"href":"https:\/\/encuentroinformativo.com.mx\/index.php?rest_route=%2Fwp%2Fv2%2Fcategories&post=36870"},{"taxonomy":"post_tag","embeddable":true,"href":"https:\/\/encuentroinformativo.com.mx\/index.php?rest_route=%2Fwp%2Fv2%2Ftags&post=36870"}],"curies":[{"name":"wp","href":"https:\/\/api.w.org\/{rel}","templated":true}]}}