{"id":36874,"date":"2023-02-16T11:05:27","date_gmt":"2023-02-16T17:05:27","guid":{"rendered":"https:\/\/encuentroinformativo.com.mx\/?p=36874"},"modified":"2023-02-16T11:05:30","modified_gmt":"2023-02-16T17:05:30","slug":"promueven-acopio-de-tapitas-para-apoyar-a-ninos-con-cancer","status":"publish","type":"post","link":"https:\/\/encuentroinformativo.com.mx\/?p=36874","title":{"rendered":"Promueven acopio de tapitas para apoyar a ni\u00f1os con c\u00e1ncer"},"content":{"rendered":"\n<p><strong>Dar\u00edo Pale <\/strong><\/p>\n\n\n\n<p>Xalapa, Ver.- Sembrando Esperanza y el Instituto de Belleza Hadas realizar\u00e1n brigada de corte de cabello por lo que tambi\u00e9n invitaron a la ciudadan\u00eda a la campa\u00f1a de tapitas para apoyar a ni\u00f1os del Centro de Cancerolog\u00eda, as\u00ed lo se\u00f1al\u00f3 Laura Itzel Solano Contreras, directora ejecutiva de la asociaci\u00f3n <strong>Sembrando Esperanza.<\/strong><\/p>\n\n\n\n<p>En conferencia de prensa se\u00f1al\u00f3 que hacen una invitaci\u00f3n a la poblaci\u00f3n a participar en la brigada el evento se llevar\u00e1 a cabo el d\u00eda domingo 19 de este mes, a partir de las 9:30 de la ma\u00f1ana, la acci\u00f3n se lleva a cabo en colaboraci\u00f3n con el Instituto de Belleza HADAS.<\/p>\n\n\n\n<p>&#8220;En el marco del D\u00eda Internacional de la Lucha contra el C\u00e1ncer, que fue el 15 de febrero, como lo hemos venido realizando desde hace dos a\u00f1os, promovemos y queremos invitar a la ciudadan\u00eda a sumarse en la recolecci\u00f3n y acopio de tapitas&#8221;, se\u00f1al\u00f3.<\/p>\n\n\n\n<p>De tal manera que estar\u00e1n recibi\u00e9ndolas en el parque Ju\u00e1rez, de las nueve y media de la ma\u00f1ana hasta las tres de la tarde, dio a conocer que hasta el momento se ha apoyado a 18 menores, ni\u00f1as y ni\u00f1os.<\/p>\n\n\n\n<p>Lament\u00f3 que el n\u00famero de infantes se va incrementando, pues la lista con la que cuentan es de 80 ni\u00f1os y se busca apoyar a dos por mes.\u00a0<\/p>\n\n\n\n<p>Finalmente, Laura Itzel Solano dijo que se busca generar alianzas con la sociedad para apoyar a m\u00e1s menores; y en la p\u00e1gina de Facebook se puede encontrar otros centros de acopio.<\/p>\n\n\n\n<figure class=\"wp-block-image size-large\"><img loading=\"lazy\" decoding=\"async\" width=\"916\" height=\"579\" src=\"https:\/\/encuentroinformativo.com.mx\/wp-content\/uploads\/2023\/02\/IMG-20230216-WA00372.jpg\" alt=\"\" class=\"wp-image-36876\" srcset=\"https:\/\/encuentroinformativo.com.mx\/wp-content\/uploads\/2023\/02\/IMG-20230216-WA00372.jpg 916w, https:\/\/encuentroinformativo.com.mx\/wp-content\/uploads\/2023\/02\/IMG-20230216-WA00372-300x190.jpg 300w, https:\/\/encuentroinformativo.com.mx\/wp-content\/uploads\/2023\/02\/IMG-20230216-WA00372-768x485.jpg 768w\" sizes=\"auto, (max-width: 916px) 100vw, 916px\" \/><\/figure>\n","protected":false},"excerpt":{"rendered":"<p>Dar\u00edo Pale Xalapa, Ver.- Sembrando Esperanza y el Instituto de Belleza Hadas realizar\u00e1n brigada de corte de cabello por lo que tambi\u00e9n invitaron a la ciudadan\u00eda a la campa\u00f1a de tapitas para apoyar a ni\u00f1os del Centro de Cancerolog\u00eda, as\u00ed lo se\u00f1al\u00f3 Laura Itzel Solano Contreras, directora ejecutiva de la asociaci\u00f3n Sembrando Esperanza. En conferencia [&hellip;]<\/p>\n","protected":false},"author":2476,"featured_media":36875,"comment_status":"open","ping_status":"open","sticky":false,"template":"","format":"standard","meta":{"_jetpack_memberships_contains_paid_content":false,"footnotes":""},"categories":[9],"tags":[],"class_list":["post-36874","post","type-post","status-publish","format-standard","has-post-thumbnail","hentry","category-salud"],"jetpack_featured_media_url":"https:\/\/encuentroinformativo.com.mx\/wp-content\/uploads\/2023\/02\/IMG-20230216-WA0034.jpg","jetpack_sharing_enabled":true,"jetpack_likes_enabled":true,"amp_enabled":true,"_links":{"self":[{"href":"https:\/\/encuentroinformativo.com.mx\/index.php?rest_route=\/wp\/v2\/posts\/36874","targetHints":{"allow":["GET"]}}],"collection":[{"href":"https:\/\/encuentroinformativo.com.mx\/index.php?rest_route=\/wp\/v2\/posts"}],"about":[{"href":"https:\/\/encuentroinformativo.com.mx\/index.php?rest_route=\/wp\/v2\/types\/post"}],"author":[{"embeddable":true,"href":"https:\/\/encuentroinformativo.com.mx\/index.php?rest_route=\/wp\/v2\/users\/2476"}],"replies":[{"embeddable":true,"href":"https:\/\/encuentroinformativo.com.mx\/index.php?rest_route=%2Fwp%2Fv2%2Fcomments&post=36874"}],"version-history":[{"count":1,"href":"https:\/\/encuentroinformativo.com.mx\/index.php?rest_route=\/wp\/v2\/posts\/36874\/revisions"}],"predecessor-version":[{"id":36877,"href":"https:\/\/encuentroinformativo.com.mx\/index.php?rest_route=\/wp\/v2\/posts\/36874\/revisions\/36877"}],"wp:featuredmedia":[{"embeddable":true,"href":"https:\/\/encuentroinformativo.com.mx\/index.php?rest_route=\/wp\/v2\/media\/36875"}],"wp:attachment":[{"href":"https:\/\/encuentroinformativo.com.mx\/index.php?rest_route=%2Fwp%2Fv2%2Fmedia&parent=36874"}],"wp:term":[{"taxonomy":"category","embeddable":true,"href":"https:\/\/encuentroinformativo.com.mx\/index.php?rest_route=%2Fwp%2Fv2%2Fcategories&post=36874"},{"taxonomy":"post_tag","embeddable":true,"href":"https:\/\/encuentroinformativo.com.mx\/index.php?rest_route=%2Fwp%2Fv2%2Ftags&post=36874"}],"curies":[{"name":"wp","href":"https:\/\/api.w.org\/{rel}","templated":true}]}}