{"id":36882,"date":"2023-02-16T11:30:45","date_gmt":"2023-02-16T17:30:45","guid":{"rendered":"https:\/\/encuentroinformativo.com.mx\/?p=36882"},"modified":"2023-02-16T11:30:49","modified_gmt":"2023-02-16T17:30:49","slug":"familiares-demandan-intensificar-busqueda-de-sara-hilda","status":"publish","type":"post","link":"https:\/\/encuentroinformativo.com.mx\/?p=36882","title":{"rendered":"Familiares demandan intensificar b\u00fasqueda de Sara Hilda"},"content":{"rendered":"\n<p><strong>Gil Franco<\/strong><\/p>\n\n\n\n<p>Xalapa, Ver.- La ma\u00f1ana de este jueves familiares de la se\u00f1ora Sara Hilda Olarte Cid se manifestaron en Plaza Lerdo para pedir a las autoridades que aceleren la b\u00fasqueda de la se\u00f1ora desaparecida desde el pasado fin de semana.<\/p>\n\n\n\n<p>En entrevista los familiares comentaron que aunque han recibido el apoyo de las autoridades, lo que piden es intensificar las acciones para dar con su paradero.<\/p>\n\n\n\n<p>\u201cVenimos a pedir el apoyo para localizar a mi mam\u00e1 Sara Hilda Olarte Cid, esta desaparecida al parecer el d\u00eda domingo, lunes, la Fiscal\u00eda si nos est\u00e1 apoyando pero queremos que por este medio, se haga m\u00e1s viral por si alguien sabe algo de ella, pueda informarnos&#8221;.<\/p>\n\n\n\n<p>Lo que sabemos hasta el momento -explic\u00f3- que se metieron a robar en la casa de mi mam\u00e1 y todo parece ser de ah\u00ed se la llevaron, el carro tambi\u00e9n, y parece que todo fue con violencia, como dice mi hermana nos est\u00e1 apoyando el gobierno no tenemos ni un problema como tal, pero nos gustar\u00eda que hubiera m\u00e1s presi\u00f3n.<\/p>\n\n\n\n<p>Los hijos calificaron de \u201clentos\u201d los trabajos que est\u00e1n efectuando las autoridades por lo que piden intensificar los trabajos de b\u00fasqueda, debido a que afirmaron solo est\u00e1n recibiendo llamadas de extorsi\u00f3n porque dieron a conocer sus n\u00fameros celulares en las publicaciones que han realizado para localizar a su madre.<\/p>\n\n\n\n<figure class=\"wp-block-image size-large\"><img loading=\"lazy\" decoding=\"async\" width=\"1024\" height=\"768\" src=\"https:\/\/encuentroinformativo.com.mx\/wp-content\/uploads\/2023\/02\/Photo_1676567842130-1024x768.jpg\" alt=\"\" class=\"wp-image-36884\" srcset=\"https:\/\/encuentroinformativo.com.mx\/wp-content\/uploads\/2023\/02\/Photo_1676567842130-1024x768.jpg 1024w, https:\/\/encuentroinformativo.com.mx\/wp-content\/uploads\/2023\/02\/Photo_1676567842130-300x225.jpg 300w, https:\/\/encuentroinformativo.com.mx\/wp-content\/uploads\/2023\/02\/Photo_1676567842130-768x576.jpg 768w, https:\/\/encuentroinformativo.com.mx\/wp-content\/uploads\/2023\/02\/Photo_1676567842130.jpg 1040w\" sizes=\"auto, (max-width: 1024px) 100vw, 1024px\" \/><\/figure>\n","protected":false},"excerpt":{"rendered":"<p>Gil Franco Xalapa, Ver.- La ma\u00f1ana de este jueves familiares de la se\u00f1ora Sara Hilda Olarte Cid se manifestaron en Plaza Lerdo para pedir a las autoridades que aceleren la b\u00fasqueda de la se\u00f1ora desaparecida desde el pasado fin de semana. En entrevista los familiares comentaron que aunque han recibido el apoyo de las autoridades, [&hellip;]<\/p>\n","protected":false},"author":2476,"featured_media":36883,"comment_status":"open","ping_status":"open","sticky":false,"template":"","format":"standard","meta":{"_jetpack_memberships_contains_paid_content":false,"footnotes":""},"categories":[3],"tags":[],"class_list":["post-36882","post","type-post","status-publish","format-standard","has-post-thumbnail","hentry","category-xalapa"],"jetpack_featured_media_url":"https:\/\/encuentroinformativo.com.mx\/wp-content\/uploads\/2023\/02\/Photo_1676567808902.jpg","jetpack_sharing_enabled":true,"jetpack_likes_enabled":true,"amp_enabled":true,"_links":{"self":[{"href":"https:\/\/encuentroinformativo.com.mx\/index.php?rest_route=\/wp\/v2\/posts\/36882","targetHints":{"allow":["GET"]}}],"collection":[{"href":"https:\/\/encuentroinformativo.com.mx\/index.php?rest_route=\/wp\/v2\/posts"}],"about":[{"href":"https:\/\/encuentroinformativo.com.mx\/index.php?rest_route=\/wp\/v2\/types\/post"}],"author":[{"embeddable":true,"href":"https:\/\/encuentroinformativo.com.mx\/index.php?rest_route=\/wp\/v2\/users\/2476"}],"replies":[{"embeddable":true,"href":"https:\/\/encuentroinformativo.com.mx\/index.php?rest_route=%2Fwp%2Fv2%2Fcomments&post=36882"}],"version-history":[{"count":1,"href":"https:\/\/encuentroinformativo.com.mx\/index.php?rest_route=\/wp\/v2\/posts\/36882\/revisions"}],"predecessor-version":[{"id":36885,"href":"https:\/\/encuentroinformativo.com.mx\/index.php?rest_route=\/wp\/v2\/posts\/36882\/revisions\/36885"}],"wp:featuredmedia":[{"embeddable":true,"href":"https:\/\/encuentroinformativo.com.mx\/index.php?rest_route=\/wp\/v2\/media\/36883"}],"wp:attachment":[{"href":"https:\/\/encuentroinformativo.com.mx\/index.php?rest_route=%2Fwp%2Fv2%2Fmedia&parent=36882"}],"wp:term":[{"taxonomy":"category","embeddable":true,"href":"https:\/\/encuentroinformativo.com.mx\/index.php?rest_route=%2Fwp%2Fv2%2Fcategories&post=36882"},{"taxonomy":"post_tag","embeddable":true,"href":"https:\/\/encuentroinformativo.com.mx\/index.php?rest_route=%2Fwp%2Fv2%2Ftags&post=36882"}],"curies":[{"name":"wp","href":"https:\/\/api.w.org\/{rel}","templated":true}]}}