{"id":36886,"date":"2023-02-16T12:46:31","date_gmt":"2023-02-16T18:46:31","guid":{"rendered":"https:\/\/encuentroinformativo.com.mx\/?p=36886"},"modified":"2023-02-16T14:47:55","modified_gmt":"2023-02-16T20:47:55","slug":"confirman-caso-de-dengue-en-municipio-de-veracruz","status":"publish","type":"post","link":"https:\/\/encuentroinformativo.com.mx\/?p=36886","title":{"rendered":"Confirman caso de dengue en municipio de Veracruz"},"content":{"rendered":"\n<p><strong>Alejandro \u00c1vila<\/strong><\/p>\n\n\n\n<p>Veracruz, Ver.- En el municipio de Veracruz ya hay registro de casos de dengue, motivo por el cual el Ayuntamiento en conjunto con la Jurisdicci\u00f3n Sanitaria n\u00famero VIII iniciaron con el programa de fumigaci\u00f3n y descacharrizaci\u00f3n.<\/p>\n\n\n\n<p>La alcaldesa Patricia Lobeira Rodr\u00edguez dijo que la mayor\u00eda de los casos se han registrado en la zona norte, aunque tambi\u00e9n existen algunos en la zona centro de la ciudad.<\/p>\n\n\n\n<p>&#8220;Van a ser en diferentes puntos de la ciudad, comenzamos hoy en R\u00edo Medio hacia todos los R\u00edo Medios y de ah\u00ed nos vamos a ir a la colonia Centro, que es donde tenemos ya detectados algunos casos de dengue (\u2026) en la zona norte, aqu\u00ed en los R\u00edo Medios llevamos ya 13 casos detectados, entonces por eso que empezamos aqu\u00ed, y que queremos empezar a partir de esta \u00e9poca, para que cuando llegue la temporada de lluvia, pues ya se haya hecho una fumigaci\u00f3n en sus casas, y eso ayude a que no siga habiendo m\u00e1s casos&#8221;, apunt\u00f3 la edil.<\/p>\n\n\n\n<p>La presidenta municipal dijo que se dispondr\u00e1n de unidades que pasar\u00e1n en diversas calles de la zona norte para recoger los cacharros que bote la gente, a fin de que en cada vivienda se evite los criaderos del mosquito del dengue.<\/p>\n\n\n\n<p>Finalmente, mencion\u00f3 que no existen al momento casos de Zica y Chikungunya.<\/p>\n","protected":false},"excerpt":{"rendered":"<p>Alejandro \u00c1vila Veracruz, Ver.- En el municipio de Veracruz ya hay registro de casos de dengue, motivo por el cual el Ayuntamiento en conjunto con la Jurisdicci\u00f3n Sanitaria n\u00famero VIII iniciaron con el programa de fumigaci\u00f3n y descacharrizaci\u00f3n. La alcaldesa Patricia Lobeira Rodr\u00edguez dijo que la mayor\u00eda de los casos se han registrado en la [&hellip;]<\/p>\n","protected":false},"author":2476,"featured_media":36887,"comment_status":"open","ping_status":"open","sticky":false,"template":"","format":"standard","meta":{"_jetpack_memberships_contains_paid_content":false,"footnotes":""},"categories":[2],"tags":[],"class_list":["post-36886","post","type-post","status-publish","format-standard","has-post-thumbnail","hentry","category-estado"],"jetpack_featured_media_url":"https:\/\/encuentroinformativo.com.mx\/wp-content\/uploads\/2023\/02\/IMG-20230216-WA0084.jpg","jetpack_sharing_enabled":true,"jetpack_likes_enabled":true,"amp_enabled":true,"_links":{"self":[{"href":"https:\/\/encuentroinformativo.com.mx\/index.php?rest_route=\/wp\/v2\/posts\/36886","targetHints":{"allow":["GET"]}}],"collection":[{"href":"https:\/\/encuentroinformativo.com.mx\/index.php?rest_route=\/wp\/v2\/posts"}],"about":[{"href":"https:\/\/encuentroinformativo.com.mx\/index.php?rest_route=\/wp\/v2\/types\/post"}],"author":[{"embeddable":true,"href":"https:\/\/encuentroinformativo.com.mx\/index.php?rest_route=\/wp\/v2\/users\/2476"}],"replies":[{"embeddable":true,"href":"https:\/\/encuentroinformativo.com.mx\/index.php?rest_route=%2Fwp%2Fv2%2Fcomments&post=36886"}],"version-history":[{"count":1,"href":"https:\/\/encuentroinformativo.com.mx\/index.php?rest_route=\/wp\/v2\/posts\/36886\/revisions"}],"predecessor-version":[{"id":36888,"href":"https:\/\/encuentroinformativo.com.mx\/index.php?rest_route=\/wp\/v2\/posts\/36886\/revisions\/36888"}],"wp:featuredmedia":[{"embeddable":true,"href":"https:\/\/encuentroinformativo.com.mx\/index.php?rest_route=\/wp\/v2\/media\/36887"}],"wp:attachment":[{"href":"https:\/\/encuentroinformativo.com.mx\/index.php?rest_route=%2Fwp%2Fv2%2Fmedia&parent=36886"}],"wp:term":[{"taxonomy":"category","embeddable":true,"href":"https:\/\/encuentroinformativo.com.mx\/index.php?rest_route=%2Fwp%2Fv2%2Fcategories&post=36886"},{"taxonomy":"post_tag","embeddable":true,"href":"https:\/\/encuentroinformativo.com.mx\/index.php?rest_route=%2Fwp%2Fv2%2Ftags&post=36886"}],"curies":[{"name":"wp","href":"https:\/\/api.w.org\/{rel}","templated":true}]}}