{"id":36889,"date":"2023-02-16T14:52:26","date_gmt":"2023-02-16T20:52:26","guid":{"rendered":"https:\/\/encuentroinformativo.com.mx\/?p=36889"},"modified":"2023-02-16T14:52:30","modified_gmt":"2023-02-16T20:52:30","slug":"sectur-apoyara-a-empresarios-para-participar-en-tianguis-turistico","status":"publish","type":"post","link":"https:\/\/encuentroinformativo.com.mx\/?p=36889","title":{"rendered":"SECTUR apoyar\u00e1 a empresarios para participar en Tianguis Tur\u00edstico"},"content":{"rendered":"\n<p><strong>Alejandro \u00c1vila<\/strong><\/p>\n\n\n\n<p>Boca del R\u00edo, Ver.- Todo prestador de servicios tur\u00edsticos que desee participar en el Tianguis Tur\u00edstico que se llevar\u00e1 a cabo del 27 al 29 de marzo en la Ciudad de M\u00e9xico, ser\u00e1 apoyado en sus vi\u00e1ticos por la Secretar\u00eda de Turismo de Veracruz.<\/p>\n\n\n\n<p>El titular del \u00e1rea, Iv\u00e1n Francisco Mart\u00ednez Olvera, exhort\u00f3 a los restauranteros, hoteleros y operadores tur\u00edsticos con capacidad de negociaci\u00f3n, a que se inscriban en el Tianguis Tur\u00edstico para representar a la entidad en el Pabell\u00f3n de Veracruz.<\/p>\n\n\n\n<p>&#8220;Est\u00e1n todos invitados no hay una limitante, solamente tenemos que registrarnos y adquirir nuestra acreditaci\u00f3n, el estado de Veracruz montar\u00e1 un Pabell\u00f3n, les daremos los apoyos para los traslados, estaremos estableciendo un uniforme, una presencia para todos, y estaremos apoyando con material de promoci\u00f3n para que cada prestador de servicios tur\u00edsticos pueda comercializar el destino Veracruz&#8221;, apunt\u00f3.<\/p>\n\n\n\n<p>Al funcionario total habl\u00f3 sobre el exponencial aumento de citas de negocios que tuvieron el a\u00f1o pasado con 990; mientras que el 2021 solo hab\u00edan logrado 90.<\/p>\n\n\n\n<p>Mart\u00ednez Olvera dijo que en 2022 tuvieron relaci\u00f3n comercial 1 930 empresas veracruzanas, de las siete regiones tur\u00edsticas y los seis Pueblos M\u00e1gicos; para este a\u00f1o, se espera al menos duplicar la presencia.<\/p>\n","protected":false},"excerpt":{"rendered":"<p>Alejandro \u00c1vila Boca del R\u00edo, Ver.- Todo prestador de servicios tur\u00edsticos que desee participar en el Tianguis Tur\u00edstico que se llevar\u00e1 a cabo del 27 al 29 de marzo en la Ciudad de M\u00e9xico, ser\u00e1 apoyado en sus vi\u00e1ticos por la Secretar\u00eda de Turismo de Veracruz. El titular del \u00e1rea, Iv\u00e1n Francisco Mart\u00ednez Olvera, exhort\u00f3 [&hellip;]<\/p>\n","protected":false},"author":2476,"featured_media":36890,"comment_status":"open","ping_status":"open","sticky":false,"template":"","format":"standard","meta":{"_jetpack_memberships_contains_paid_content":false,"footnotes":""},"categories":[2],"tags":[],"class_list":["post-36889","post","type-post","status-publish","format-standard","has-post-thumbnail","hentry","category-estado"],"jetpack_featured_media_url":"https:\/\/encuentroinformativo.com.mx\/wp-content\/uploads\/2023\/02\/IMG-20230216-WA00862.jpg","jetpack_sharing_enabled":true,"jetpack_likes_enabled":true,"amp_enabled":true,"_links":{"self":[{"href":"https:\/\/encuentroinformativo.com.mx\/index.php?rest_route=\/wp\/v2\/posts\/36889","targetHints":{"allow":["GET"]}}],"collection":[{"href":"https:\/\/encuentroinformativo.com.mx\/index.php?rest_route=\/wp\/v2\/posts"}],"about":[{"href":"https:\/\/encuentroinformativo.com.mx\/index.php?rest_route=\/wp\/v2\/types\/post"}],"author":[{"embeddable":true,"href":"https:\/\/encuentroinformativo.com.mx\/index.php?rest_route=\/wp\/v2\/users\/2476"}],"replies":[{"embeddable":true,"href":"https:\/\/encuentroinformativo.com.mx\/index.php?rest_route=%2Fwp%2Fv2%2Fcomments&post=36889"}],"version-history":[{"count":1,"href":"https:\/\/encuentroinformativo.com.mx\/index.php?rest_route=\/wp\/v2\/posts\/36889\/revisions"}],"predecessor-version":[{"id":36891,"href":"https:\/\/encuentroinformativo.com.mx\/index.php?rest_route=\/wp\/v2\/posts\/36889\/revisions\/36891"}],"wp:featuredmedia":[{"embeddable":true,"href":"https:\/\/encuentroinformativo.com.mx\/index.php?rest_route=\/wp\/v2\/media\/36890"}],"wp:attachment":[{"href":"https:\/\/encuentroinformativo.com.mx\/index.php?rest_route=%2Fwp%2Fv2%2Fmedia&parent=36889"}],"wp:term":[{"taxonomy":"category","embeddable":true,"href":"https:\/\/encuentroinformativo.com.mx\/index.php?rest_route=%2Fwp%2Fv2%2Fcategories&post=36889"},{"taxonomy":"post_tag","embeddable":true,"href":"https:\/\/encuentroinformativo.com.mx\/index.php?rest_route=%2Fwp%2Fv2%2Ftags&post=36889"}],"curies":[{"name":"wp","href":"https:\/\/api.w.org\/{rel}","templated":true}]}}