{"id":36892,"date":"2023-02-16T14:58:04","date_gmt":"2023-02-16T20:58:04","guid":{"rendered":"https:\/\/encuentroinformativo.com.mx\/?p=36892"},"modified":"2023-02-16T14:58:07","modified_gmt":"2023-02-16T20:58:07","slug":"repara-cfe-linea-electrica-para-evitar-otro-apagon-en-boca-del-rio","status":"publish","type":"post","link":"https:\/\/encuentroinformativo.com.mx\/?p=36892","title":{"rendered":"Repara CFE l\u00ednea el\u00e9ctrica para evitar otro apag\u00f3n en Boca del R\u00edo"},"content":{"rendered":"\n<p><strong>Alejandro \u00c1vila<\/strong><\/p>\n\n\n\n<p>Boca del R\u00edo, Ver.- La Comisi\u00f3n Federal de Electricidad (CFE), ya se encuentra trabajando en los alrededores de la cabecera municipal de Boca del R\u00edo, para evitar un nuevo apag\u00f3n como el que se dio a la noche de este mi\u00e9rcoles 15 de febrero, confirm\u00f3 el alcalde de Boca del R\u00edo, Juan Manuel Unanue Abascal.<\/p>\n\n\n\n<p>Cabe recordar que, por aproximadamente 3 horas, desde las 8 de la noche, miles de boque\u00f1os se quedaron sin energ\u00eda el\u00e9ctrica.<\/p>\n\n\n\n<p>Entre las colonias afectadas destacan, el fraccionamiento La Tampiquera, la Unidad Habitacional El Morro y toda la cabecera municipal.<\/p>\n\n\n\n<p>&#8220;Fueron temas t\u00e9cnicos de la Comisi\u00f3n Federal de Electricidad, siempre que se les llama, acuden y atienden nuestros reportes que hacemos como primera autoridad de esta ciudad. El d\u00eda de ayer afortunadamente en un par de horas restablecieron la energ\u00eda el\u00e9ctrica, y hoy est\u00e1n trabajando en ello para que no vuelva a suceder en esta zona de la ciudad&#8221;, apunt\u00f3.<\/p>\n\n\n\n<p>Este jueves se llev\u00f3 a cabo en el Dren B de la colonia Carranza, una Feria de la Salud y la Seguridad, d\u00f3nde las diversas direcciones del Ayuntamiento de Boca del R\u00edo dieron cursos y asesor\u00edas a los colonos para mejorar en estos rubros.<\/p>\n","protected":false},"excerpt":{"rendered":"<p>Alejandro \u00c1vila Boca del R\u00edo, Ver.- La Comisi\u00f3n Federal de Electricidad (CFE), ya se encuentra trabajando en los alrededores de la cabecera municipal de Boca del R\u00edo, para evitar un nuevo apag\u00f3n como el que se dio a la noche de este mi\u00e9rcoles 15 de febrero, confirm\u00f3 el alcalde de Boca del R\u00edo, Juan Manuel [&hellip;]<\/p>\n","protected":false},"author":2476,"featured_media":36893,"comment_status":"open","ping_status":"open","sticky":false,"template":"","format":"standard","meta":{"_jetpack_memberships_contains_paid_content":false,"footnotes":""},"categories":[2],"tags":[],"class_list":["post-36892","post","type-post","status-publish","format-standard","has-post-thumbnail","hentry","category-estado"],"jetpack_featured_media_url":"https:\/\/encuentroinformativo.com.mx\/wp-content\/uploads\/2023\/02\/IMG-20230216-WA00852.jpg","jetpack_sharing_enabled":true,"jetpack_likes_enabled":true,"amp_enabled":true,"_links":{"self":[{"href":"https:\/\/encuentroinformativo.com.mx\/index.php?rest_route=\/wp\/v2\/posts\/36892","targetHints":{"allow":["GET"]}}],"collection":[{"href":"https:\/\/encuentroinformativo.com.mx\/index.php?rest_route=\/wp\/v2\/posts"}],"about":[{"href":"https:\/\/encuentroinformativo.com.mx\/index.php?rest_route=\/wp\/v2\/types\/post"}],"author":[{"embeddable":true,"href":"https:\/\/encuentroinformativo.com.mx\/index.php?rest_route=\/wp\/v2\/users\/2476"}],"replies":[{"embeddable":true,"href":"https:\/\/encuentroinformativo.com.mx\/index.php?rest_route=%2Fwp%2Fv2%2Fcomments&post=36892"}],"version-history":[{"count":1,"href":"https:\/\/encuentroinformativo.com.mx\/index.php?rest_route=\/wp\/v2\/posts\/36892\/revisions"}],"predecessor-version":[{"id":36894,"href":"https:\/\/encuentroinformativo.com.mx\/index.php?rest_route=\/wp\/v2\/posts\/36892\/revisions\/36894"}],"wp:featuredmedia":[{"embeddable":true,"href":"https:\/\/encuentroinformativo.com.mx\/index.php?rest_route=\/wp\/v2\/media\/36893"}],"wp:attachment":[{"href":"https:\/\/encuentroinformativo.com.mx\/index.php?rest_route=%2Fwp%2Fv2%2Fmedia&parent=36892"}],"wp:term":[{"taxonomy":"category","embeddable":true,"href":"https:\/\/encuentroinformativo.com.mx\/index.php?rest_route=%2Fwp%2Fv2%2Fcategories&post=36892"},{"taxonomy":"post_tag","embeddable":true,"href":"https:\/\/encuentroinformativo.com.mx\/index.php?rest_route=%2Fwp%2Fv2%2Ftags&post=36892"}],"curies":[{"name":"wp","href":"https:\/\/api.w.org\/{rel}","templated":true}]}}