{"id":36895,"date":"2023-02-16T17:17:50","date_gmt":"2023-02-16T23:17:50","guid":{"rendered":"https:\/\/encuentroinformativo.com.mx\/?p=36895"},"modified":"2023-02-16T17:17:54","modified_gmt":"2023-02-16T23:17:54","slug":"en-breve-visitaria-marcelo-ebrard-veracruz","status":"publish","type":"post","link":"https:\/\/encuentroinformativo.com.mx\/?p=36895","title":{"rendered":"En breve, visitar\u00eda Marcelo Ebrard Veracruz"},"content":{"rendered":"\n<p><strong>Israel Garc\u00eda<\/strong><\/p>\n\n\n\n<p>Xalapa, Ver.- En las pr\u00f3ximas semanas, el canciller Marcelo Ebrard estar\u00eda de visita por tierras veracruzanas, as\u00ed lo inform\u00f3 Janneth Saucedo Ram\u00edrez, coordinadora estatal de  Morena Progresista.<\/p>\n\n\n\n<p>En conferencia de prensa, se\u00f1al\u00f3 que el funcionario federal se encuentra ocupado efectuando actividades propias de su encargo, sin embargo, no descart\u00f3 que en breve visita el estado de Veracruz debido a la importancia que tiene la entidad a nivel nacional.<\/p>\n\n\n\n<p>\u201cEn este momento \u00e9l ha dado prioridad al trabajo de la canciller\u00eda\u2026 yo creo que no va a tardar en visitarnos porque es uno de los estados m\u00e1s grandes, m\u00e1s importantes. Actualmente ya es el cuarto electoralmente hablando, el lunes probablemente nos est\u00e9 dando la sorpresa\u201d, dijo.<\/p>\n\n\n\n<figure class=\"wp-block-image size-large\"><img loading=\"lazy\" decoding=\"async\" width=\"1024\" height=\"768\" src=\"https:\/\/encuentroinformativo.com.mx\/wp-content\/uploads\/2023\/02\/Photo_1676589172489-1024x768.jpg\" alt=\"\" class=\"wp-image-36897\" srcset=\"https:\/\/encuentroinformativo.com.mx\/wp-content\/uploads\/2023\/02\/Photo_1676589172489-1024x768.jpg 1024w, https:\/\/encuentroinformativo.com.mx\/wp-content\/uploads\/2023\/02\/Photo_1676589172489-300x225.jpg 300w, https:\/\/encuentroinformativo.com.mx\/wp-content\/uploads\/2023\/02\/Photo_1676589172489-768x576.jpg 768w, https:\/\/encuentroinformativo.com.mx\/wp-content\/uploads\/2023\/02\/Photo_1676589172489.jpg 1040w\" sizes=\"auto, (max-width: 1024px) 100vw, 1024px\" \/><\/figure>\n\n\n\n<p><\/p>\n","protected":false},"excerpt":{"rendered":"<p>Israel Garc\u00eda Xalapa, Ver.- En las pr\u00f3ximas semanas, el canciller Marcelo Ebrard estar\u00eda de visita por tierras veracruzanas, as\u00ed lo inform\u00f3 Janneth Saucedo Ram\u00edrez, coordinadora estatal de Morena Progresista. En conferencia de prensa, se\u00f1al\u00f3 que el funcionario federal se encuentra ocupado efectuando actividades propias de su encargo, sin embargo, no descart\u00f3 que en breve visita [&hellip;]<\/p>\n","protected":false},"author":2476,"featured_media":36896,"comment_status":"open","ping_status":"open","sticky":false,"template":"","format":"standard","meta":{"_jetpack_memberships_contains_paid_content":false,"footnotes":""},"categories":[3],"tags":[],"class_list":["post-36895","post","type-post","status-publish","format-standard","has-post-thumbnail","hentry","category-xalapa"],"jetpack_featured_media_url":"https:\/\/encuentroinformativo.com.mx\/wp-content\/uploads\/2023\/02\/Photo_1676589197269.jpg","jetpack_sharing_enabled":true,"jetpack_likes_enabled":true,"amp_enabled":true,"_links":{"self":[{"href":"https:\/\/encuentroinformativo.com.mx\/index.php?rest_route=\/wp\/v2\/posts\/36895","targetHints":{"allow":["GET"]}}],"collection":[{"href":"https:\/\/encuentroinformativo.com.mx\/index.php?rest_route=\/wp\/v2\/posts"}],"about":[{"href":"https:\/\/encuentroinformativo.com.mx\/index.php?rest_route=\/wp\/v2\/types\/post"}],"author":[{"embeddable":true,"href":"https:\/\/encuentroinformativo.com.mx\/index.php?rest_route=\/wp\/v2\/users\/2476"}],"replies":[{"embeddable":true,"href":"https:\/\/encuentroinformativo.com.mx\/index.php?rest_route=%2Fwp%2Fv2%2Fcomments&post=36895"}],"version-history":[{"count":1,"href":"https:\/\/encuentroinformativo.com.mx\/index.php?rest_route=\/wp\/v2\/posts\/36895\/revisions"}],"predecessor-version":[{"id":36898,"href":"https:\/\/encuentroinformativo.com.mx\/index.php?rest_route=\/wp\/v2\/posts\/36895\/revisions\/36898"}],"wp:featuredmedia":[{"embeddable":true,"href":"https:\/\/encuentroinformativo.com.mx\/index.php?rest_route=\/wp\/v2\/media\/36896"}],"wp:attachment":[{"href":"https:\/\/encuentroinformativo.com.mx\/index.php?rest_route=%2Fwp%2Fv2%2Fmedia&parent=36895"}],"wp:term":[{"taxonomy":"category","embeddable":true,"href":"https:\/\/encuentroinformativo.com.mx\/index.php?rest_route=%2Fwp%2Fv2%2Fcategories&post=36895"},{"taxonomy":"post_tag","embeddable":true,"href":"https:\/\/encuentroinformativo.com.mx\/index.php?rest_route=%2Fwp%2Fv2%2Ftags&post=36895"}],"curies":[{"name":"wp","href":"https:\/\/api.w.org\/{rel}","templated":true}]}}