{"id":3690,"date":"2020-06-28T16:05:19","date_gmt":"2020-06-28T21:05:19","guid":{"rendered":"https:\/\/encuentroinformativo.com\/?p=3690"},"modified":"2020-06-28T16:05:22","modified_gmt":"2020-06-28T21:05:22","slug":"demandan-organizaciones-politicas-incluyentes","status":"publish","type":"post","link":"https:\/\/encuentroinformativo.com.mx\/?p=3690","title":{"rendered":"Demandan organizaciones pol\u00edticas incluyentes"},"content":{"rendered":"\n<p><strong>Juan Arcos <\/strong><\/p>\n\n\n\n<p>Xalapa, Ver.- Integrantes de la comunidad gay protestaron frente a Palacio de Gobierno y la Catedral de Xalapa, para exigir pol\u00edticas p\u00fablicas incluyentes.<\/p>\n\n\n\n<p>La activista transexual Silvia Susana J\u00e1come Garc\u00eda se\u00f1al\u00f3 que los miembros de la comunidad L\u00e9sbico, Gay, Bisexual, Transexual, Transg\u00e9nero, Travesti e Intersexual (LGBTTTI) a\u00fan no tiene los mismos derechos que el resto de la poblaci\u00f3n veracruzana.<\/p>\n\n\n\n<p>En ese sentido, destac\u00f3 que una mujer lesbiana o un hombre gay no pueden casarse con una persona de su mismo sexo, situaci\u00f3n que resulta discriminatorio.<\/p>\n\n\n\n<p>\u201cEs porque no est\u00e1 legislado, nos dieron una bofetada recientemente porque se inclu\u00eda el matrimonio igualitario en la reforma al c\u00f3digo civil y despu\u00e9s de mucho forcejeo terminando retirando esa parte, ese art\u00edculo\u201d.<\/p>\n\n\n\n<p>Mencion\u00f3 que tampoco existe una ley de identidad de g\u00e9nero en Veracruz que permita a las personas transexuales modificar su acta de nacimiento.<\/p>\n\n\n\n<p>\u201cLo que estamos exigiendo es que haya pol\u00edticas p\u00fablicas a favor de los derechos de las personas LGBTI y que se legisle tambi\u00e9n para que tengamos los mismos derechos que el resto de la poblaci\u00f3n\u201d.<\/p>\n\n\n\n<p>J\u00e1come Garc\u00eda consider\u00f3 que la Iglesia Cat\u00f3lica ha presionado al Congreso del Estado para que no se legisla a favor de la comunidad gay.<\/p>\n\n\n\n<p>\u201cEsta reforma que coment\u00e1bamos del c\u00f3digo civil desde hace mucho tiempo se empez\u00f3 a discutir, hubo foros y grupos ultra conservadores de las iglesias cat\u00f3lica y evang\u00e9lica, estaban detr\u00e1s de estas acciones, de una manera violenta llegaban a interrumpir esos foros\u201d.<\/p>\n\n\n\n<p>La activista transexual reprob\u00f3 que contin\u00faen ocurriendo los cr\u00edmenes de odio por homofobia en la entidad y que haya impunidad en la mayor\u00eda de los casos.<\/p>\n\n\n\n<p>\u201cNos matan por ser gays, lesbianas, trans, y hay mucha impunidad, no hay la investigaci\u00f3n adecuada, muchas veces la propia autoridad descarta estos cr\u00edmenes, los menciona como cr\u00edmenes pasionales, entonces no hay la investigaci\u00f3n\u201d, culmin\u00f3.<\/p>\n\n\n\n<p><\/p>\n\n\n\n<p><\/p>\n","protected":false},"excerpt":{"rendered":"<p>Juan Arcos Xalapa, Ver.- Integrantes de la comunidad gay protestaron frente a Palacio de Gobierno y la Catedral de Xalapa, para exigir pol\u00edticas p\u00fablicas incluyentes. La activista transexual Silvia Susana J\u00e1come Garc\u00eda se\u00f1al\u00f3 que los miembros de la comunidad L\u00e9sbico, Gay, Bisexual, Transexual, Transg\u00e9nero, Travesti e Intersexual (LGBTTTI) a\u00fan no tiene los mismos derechos que [&hellip;]<\/p>\n","protected":false},"author":1,"featured_media":3691,"comment_status":"open","ping_status":"open","sticky":false,"template":"","format":"standard","meta":{"_jetpack_memberships_contains_paid_content":false,"footnotes":""},"categories":[3],"tags":[],"class_list":["post-3690","post","type-post","status-publish","format-standard","has-post-thumbnail","hentry","category-xalapa"],"jetpack_featured_media_url":"https:\/\/encuentroinformativo.com.mx\/wp-content\/uploads\/2020\/06\/C216168B-22E0-4E83-9704-906423CD93BC.jpeg","jetpack_sharing_enabled":true,"jetpack_likes_enabled":true,"amp_enabled":true,"_links":{"self":[{"href":"https:\/\/encuentroinformativo.com.mx\/index.php?rest_route=\/wp\/v2\/posts\/3690","targetHints":{"allow":["GET"]}}],"collection":[{"href":"https:\/\/encuentroinformativo.com.mx\/index.php?rest_route=\/wp\/v2\/posts"}],"about":[{"href":"https:\/\/encuentroinformativo.com.mx\/index.php?rest_route=\/wp\/v2\/types\/post"}],"author":[{"embeddable":true,"href":"https:\/\/encuentroinformativo.com.mx\/index.php?rest_route=\/wp\/v2\/users\/1"}],"replies":[{"embeddable":true,"href":"https:\/\/encuentroinformativo.com.mx\/index.php?rest_route=%2Fwp%2Fv2%2Fcomments&post=3690"}],"version-history":[{"count":1,"href":"https:\/\/encuentroinformativo.com.mx\/index.php?rest_route=\/wp\/v2\/posts\/3690\/revisions"}],"predecessor-version":[{"id":3692,"href":"https:\/\/encuentroinformativo.com.mx\/index.php?rest_route=\/wp\/v2\/posts\/3690\/revisions\/3692"}],"wp:featuredmedia":[{"embeddable":true,"href":"https:\/\/encuentroinformativo.com.mx\/index.php?rest_route=\/wp\/v2\/media\/3691"}],"wp:attachment":[{"href":"https:\/\/encuentroinformativo.com.mx\/index.php?rest_route=%2Fwp%2Fv2%2Fmedia&parent=3690"}],"wp:term":[{"taxonomy":"category","embeddable":true,"href":"https:\/\/encuentroinformativo.com.mx\/index.php?rest_route=%2Fwp%2Fv2%2Fcategories&post=3690"},{"taxonomy":"post_tag","embeddable":true,"href":"https:\/\/encuentroinformativo.com.mx\/index.php?rest_route=%2Fwp%2Fv2%2Ftags&post=3690"}],"curies":[{"name":"wp","href":"https:\/\/api.w.org\/{rel}","templated":true}]}}