{"id":36919,"date":"2023-02-17T09:41:52","date_gmt":"2023-02-17T15:41:52","guid":{"rendered":"https:\/\/encuentroinformativo.com.mx\/?p=36919"},"modified":"2023-02-17T09:41:56","modified_gmt":"2023-02-17T15:41:56","slug":"uv-capacitara-a-productores-primarios-de-medellin","status":"publish","type":"post","link":"https:\/\/encuentroinformativo.com.mx\/?p=36919","title":{"rendered":"UV capacitar\u00e1 a productores primarios de Medell\u00edn"},"content":{"rendered":"\n<p><strong>Alejandro \u00c1vila<\/strong><\/p>\n\n\n\n<p>Medell\u00edn de Bravo, Ver.- La Universidad Veracruzana firm\u00f3 un convenio de colaboraci\u00f3n con el Ayuntamiento de Medell\u00edn de Bravo para capacitar a los productores primarios del municipio en temas agropecuarios; adem\u00e1s realizar\u00e1n campa\u00f1as de salud a trav\u00e9s del DIF.<\/p>\n\n\n\n<p>El alcalde, Marcos Isle\u00f1o Andrade y el vicerrector, Rub\u00e9n Edel Navarro, se\u00f1alaron que las capacitaciones las dar\u00e1n acad\u00e9micos y estudiantes del \u00e1rea biol\u00f3gica agropecuaria.<\/p>\n\n\n\n<p>Tambi\u00e9n se desarrollar\u00e1n campa\u00f1as conjuntas en materia de salud, todo en coordinaci\u00f3n con el DIF municipal y las dependencias encargadas de los programas orientados al fortalecimiento integral del campo.<\/p>\n\n\n\n<p>Durante la reuni\u00f3n para la firma de este convenio, se habl\u00f3 de distintos rubros en donde la Universidad Veracruzana podr\u00eda coadyuvar en el desarrollo del municipio.<\/p>\n\n\n\n<p>\u201cAgradecemos vicerrector que se lleve a cabo la firma de este convenio; reiteramos nuestra disposici\u00f3n y buena voluntad para realizar diversos proyectos&nbsp; en beneficio de los medellinenses\u201d, coment\u00f3 el edil.<\/p>\n\n\n\n<p>Por su parte Rub\u00e9n Edel Navarro, vicerrector de la Universidad Veracruzana Regi\u00f3n Veracruz, manifest\u00f3 su disposici\u00f3n para trabajar en conjunto con el ayuntamiento de Medell\u00edn.<\/p>\n\n\n\n<p>\u201cEstaremos&nbsp; muy contentos de poder colaborar con el Ayuntamiento de Medell\u00edn; estamos abiertos a los proyectos o necesidades que tengan para que por medio de la universidad podamos generarlos para el bien com\u00fan\u201d, dijo.<\/p>\n\n\n\n<p>Durante la firma, Isle\u00f1o Andrade estuvo acompa\u00f1ado por la Regidora Primera Karina del Carmen Arroniz Palavicini.<\/p>\n\n\n\n<p>Por la Universidad Veracruzana estuvieron presentes: Rub\u00e9n Edel Navarro, Vicerrector; Mario Antonio Pe\u00f1a Meza, Coordinador Regional de Vinculaci\u00f3n; Claudia Enr\u00edquez, Secretaria Acad\u00e9mica; Virginia Duarte, Coordinadora de Desarrollo Institucional y Ferrer Arturo Gonz\u00e1lez, de Certificaci\u00f3n Universitaria.<\/p>\n","protected":false},"excerpt":{"rendered":"<p>Alejandro \u00c1vila Medell\u00edn de Bravo, Ver.- La Universidad Veracruzana firm\u00f3 un convenio de colaboraci\u00f3n con el Ayuntamiento de Medell\u00edn de Bravo para capacitar a los productores primarios del municipio en temas agropecuarios; adem\u00e1s realizar\u00e1n campa\u00f1as de salud a trav\u00e9s del DIF. El alcalde, Marcos Isle\u00f1o Andrade y el vicerrector, Rub\u00e9n Edel Navarro, se\u00f1alaron que las [&hellip;]<\/p>\n","protected":false},"author":2476,"featured_media":36920,"comment_status":"open","ping_status":"open","sticky":false,"template":"","format":"standard","meta":{"_jetpack_memberships_contains_paid_content":false,"footnotes":""},"categories":[2],"tags":[],"class_list":["post-36919","post","type-post","status-publish","format-standard","has-post-thumbnail","hentry","category-estado"],"jetpack_featured_media_url":"https:\/\/encuentroinformativo.com.mx\/wp-content\/uploads\/2023\/02\/IMG-20230217-WA00032.jpg","jetpack_sharing_enabled":true,"jetpack_likes_enabled":true,"amp_enabled":true,"_links":{"self":[{"href":"https:\/\/encuentroinformativo.com.mx\/index.php?rest_route=\/wp\/v2\/posts\/36919","targetHints":{"allow":["GET"]}}],"collection":[{"href":"https:\/\/encuentroinformativo.com.mx\/index.php?rest_route=\/wp\/v2\/posts"}],"about":[{"href":"https:\/\/encuentroinformativo.com.mx\/index.php?rest_route=\/wp\/v2\/types\/post"}],"author":[{"embeddable":true,"href":"https:\/\/encuentroinformativo.com.mx\/index.php?rest_route=\/wp\/v2\/users\/2476"}],"replies":[{"embeddable":true,"href":"https:\/\/encuentroinformativo.com.mx\/index.php?rest_route=%2Fwp%2Fv2%2Fcomments&post=36919"}],"version-history":[{"count":1,"href":"https:\/\/encuentroinformativo.com.mx\/index.php?rest_route=\/wp\/v2\/posts\/36919\/revisions"}],"predecessor-version":[{"id":36921,"href":"https:\/\/encuentroinformativo.com.mx\/index.php?rest_route=\/wp\/v2\/posts\/36919\/revisions\/36921"}],"wp:featuredmedia":[{"embeddable":true,"href":"https:\/\/encuentroinformativo.com.mx\/index.php?rest_route=\/wp\/v2\/media\/36920"}],"wp:attachment":[{"href":"https:\/\/encuentroinformativo.com.mx\/index.php?rest_route=%2Fwp%2Fv2%2Fmedia&parent=36919"}],"wp:term":[{"taxonomy":"category","embeddable":true,"href":"https:\/\/encuentroinformativo.com.mx\/index.php?rest_route=%2Fwp%2Fv2%2Fcategories&post=36919"},{"taxonomy":"post_tag","embeddable":true,"href":"https:\/\/encuentroinformativo.com.mx\/index.php?rest_route=%2Fwp%2Fv2%2Ftags&post=36919"}],"curies":[{"name":"wp","href":"https:\/\/api.w.org\/{rel}","templated":true}]}}