{"id":36922,"date":"2023-02-17T09:44:55","date_gmt":"2023-02-17T15:44:55","guid":{"rendered":"https:\/\/encuentroinformativo.com.mx\/?p=36922"},"modified":"2023-02-17T09:44:58","modified_gmt":"2023-02-17T15:44:58","slug":"esperan-repunte-del-40-en-hospedaje-por-cumbre-tajin-2023","status":"publish","type":"post","link":"https:\/\/encuentroinformativo.com.mx\/?p=36922","title":{"rendered":"Esperan repunte del 40% en hospedaje por Cumbre Taj\u00edn 2023"},"content":{"rendered":"\n<p><strong>Alejandro \u00c1vila<\/strong><\/p>\n\n\n\n<p>Poza Rica, Ver.- El Festival Cumbre Taj\u00edn 2023, dejar\u00eda una derrama econ\u00f3mica de 150 millones de pesos, adem\u00e1s de un incremento del 40 por ciento en la ocupaci\u00f3n hotelera en los municipios de Poza Rica, Papantla y Tecolutla.<\/p>\n\n\n\n<p>El presidente de la Asociaci\u00f3n de Hoteles y Moteles en la zona norte de Veracruz, Guillermo Salinas Cedillo, reconoci\u00f3 que este evento ha impulsado en turismo en la regi\u00f3n, adem\u00e1s de impulsar a la cultura Totonaca.<\/p>\n\n\n\n<p>El empresario dijo que los n\u00fameros que vislumbra la Secretar\u00eda de Turismo de Veracruz, es una derrama econ\u00f3mica de 150 millones de pesos durante los d\u00edas del Festival.<\/p>\n\n\n\n<p>&#8220;En el sector hotelero consideramos que tendremos un incremento del 40 por ciento en la ocupaci\u00f3n&#8221;, expres\u00f3 Salinas Cedillo.<\/p>\n\n\n\n<p>El empresario dijo que el gremio hotelero dio tarifas preferenciales durante esta temporada, aunado a un convenio de colaboraci\u00f3n con una l\u00ednea de transportes del norte del pa\u00eds, con la finalidad de atraer m\u00e1s turismo.<\/p>\n\n\n\n<p>Para la edici\u00f3n 2023 del Festival Cumbre Taj\u00edn, se tienen previstas 700 actividades, entre talleres, ceremonias y conciertos.<\/p>\n\n\n\n<p>Es de mencionar que la entrada ser\u00e1 gratuita de las 11 de la ma\u00f1ana hasta las 4 de la tarde, esto con el fin de que las personas puedan involucrarse y aprender de la cultura Totonaca.<\/p>\n\n\n\n<p>Para quienes busquen llegar s\u00f3lo a los conciertos, el 23 de marzo se presentar\u00e1, Residente; el 24 de marzo, Molotov; el 25 de marzo, Inna y Juan Mag\u00e1n.<\/p>\n\n\n\n<p>Quienes lleguen despu\u00e9s de las 4 de la tarde, el acceso tendr\u00e1 un costo de 100 pesos.<\/p>\n","protected":false},"excerpt":{"rendered":"<p>Alejandro \u00c1vila Poza Rica, Ver.- El Festival Cumbre Taj\u00edn 2023, dejar\u00eda una derrama econ\u00f3mica de 150 millones de pesos, adem\u00e1s de un incremento del 40 por ciento en la ocupaci\u00f3n hotelera en los municipios de Poza Rica, Papantla y Tecolutla. El presidente de la Asociaci\u00f3n de Hoteles y Moteles en la zona norte de Veracruz, [&hellip;]<\/p>\n","protected":false},"author":2476,"featured_media":36923,"comment_status":"open","ping_status":"open","sticky":false,"template":"","format":"standard","meta":{"_jetpack_memberships_contains_paid_content":false,"footnotes":""},"categories":[2],"tags":[],"class_list":["post-36922","post","type-post","status-publish","format-standard","has-post-thumbnail","hentry","category-estado"],"jetpack_featured_media_url":"https:\/\/encuentroinformativo.com.mx\/wp-content\/uploads\/2023\/02\/IMG-20230217-WA0007.jpg","jetpack_sharing_enabled":true,"jetpack_likes_enabled":true,"amp_enabled":true,"_links":{"self":[{"href":"https:\/\/encuentroinformativo.com.mx\/index.php?rest_route=\/wp\/v2\/posts\/36922","targetHints":{"allow":["GET"]}}],"collection":[{"href":"https:\/\/encuentroinformativo.com.mx\/index.php?rest_route=\/wp\/v2\/posts"}],"about":[{"href":"https:\/\/encuentroinformativo.com.mx\/index.php?rest_route=\/wp\/v2\/types\/post"}],"author":[{"embeddable":true,"href":"https:\/\/encuentroinformativo.com.mx\/index.php?rest_route=\/wp\/v2\/users\/2476"}],"replies":[{"embeddable":true,"href":"https:\/\/encuentroinformativo.com.mx\/index.php?rest_route=%2Fwp%2Fv2%2Fcomments&post=36922"}],"version-history":[{"count":1,"href":"https:\/\/encuentroinformativo.com.mx\/index.php?rest_route=\/wp\/v2\/posts\/36922\/revisions"}],"predecessor-version":[{"id":36924,"href":"https:\/\/encuentroinformativo.com.mx\/index.php?rest_route=\/wp\/v2\/posts\/36922\/revisions\/36924"}],"wp:featuredmedia":[{"embeddable":true,"href":"https:\/\/encuentroinformativo.com.mx\/index.php?rest_route=\/wp\/v2\/media\/36923"}],"wp:attachment":[{"href":"https:\/\/encuentroinformativo.com.mx\/index.php?rest_route=%2Fwp%2Fv2%2Fmedia&parent=36922"}],"wp:term":[{"taxonomy":"category","embeddable":true,"href":"https:\/\/encuentroinformativo.com.mx\/index.php?rest_route=%2Fwp%2Fv2%2Fcategories&post=36922"},{"taxonomy":"post_tag","embeddable":true,"href":"https:\/\/encuentroinformativo.com.mx\/index.php?rest_route=%2Fwp%2Fv2%2Ftags&post=36922"}],"curies":[{"name":"wp","href":"https:\/\/api.w.org\/{rel}","templated":true}]}}