{"id":36925,"date":"2023-02-17T09:46:45","date_gmt":"2023-02-17T15:46:45","guid":{"rendered":"https:\/\/encuentroinformativo.com.mx\/?p=36925"},"modified":"2023-02-17T09:46:49","modified_gmt":"2023-02-17T15:46:49","slug":"sefiplan-paga-deuda-de-14-mmpd-al-sat","status":"publish","type":"post","link":"https:\/\/encuentroinformativo.com.mx\/?p=36925","title":{"rendered":"SEFIPLAN paga deuda de 14 mmpd al SAT"},"content":{"rendered":"\n<p><strong>Alejandro \u00c1vila<\/strong><\/p>\n\n\n\n<p>Veracruz, Ver.- Un total de 14 mil millones de pesos es lo que ha pagado la Secretar\u00eda de Finanzas y Planeaci\u00f3n (SEFIPLAN) a cargo de Jos\u00e9 Luis Lima Franco, al Servicio de Administraci\u00f3n Tributaria (SAT), por concepto del ISR que se deb\u00eda desde la administraci\u00f3n Estatal de Javier Duarte de Ochoa.<\/p>\n\n\n\n<p>Este jueves por la noche el titular de SEFIPLAN, se reuni\u00f3 con Antonio Mart\u00ednez Dagnino del SAT, y public\u00f3 sus redes sociales, &#8220;Las cosas las estamos haciendo bien y de buenas!&#8221;.<\/p>\n\n\n\n<p>Es de recordar que, el pasado 1 de diciembre de 2018, Antonio Mart\u00ednez fue designado por el presidente Andr\u00e9s Manuel L\u00f3pez Obrador como titular de la Administraci\u00f3n General de Grandes Contribuyentes (AGGC) del Servicio de Administraci\u00f3n Tributaria (SAT).<\/p>\n\n\n\n<p>Por ello, el secretario Lima Franco realiz\u00f3 diversas gestiones en la Ciudad de M\u00e9xico para el beneficio de la econom\u00eda del estado de Veracruz, reuni\u00e9ndose con integrantes de Banobras, SAT y la Secretar\u00eda de Hacienda y Cr\u00e9dito P\u00fablico.<\/p>\n\n\n\n<p>Lo anterior para refrendar el compromiso del gobernador Cuitl\u00e1huac Garc\u00eda Jim\u00e9nez, de cumplir con el pago de los adeudos que se tienen y que se dan dichas prestaciones gracias a la buena calificaci\u00f3n crediticia que se mantiene.<\/p>\n","protected":false},"excerpt":{"rendered":"<p>Alejandro \u00c1vila Veracruz, Ver.- Un total de 14 mil millones de pesos es lo que ha pagado la Secretar\u00eda de Finanzas y Planeaci\u00f3n (SEFIPLAN) a cargo de Jos\u00e9 Luis Lima Franco, al Servicio de Administraci\u00f3n Tributaria (SAT), por concepto del ISR que se deb\u00eda desde la administraci\u00f3n Estatal de Javier Duarte de Ochoa. Este jueves [&hellip;]<\/p>\n","protected":false},"author":2476,"featured_media":36926,"comment_status":"open","ping_status":"open","sticky":false,"template":"","format":"standard","meta":{"_jetpack_memberships_contains_paid_content":false,"footnotes":""},"categories":[2],"tags":[],"class_list":["post-36925","post","type-post","status-publish","format-standard","has-post-thumbnail","hentry","category-estado"],"jetpack_featured_media_url":"https:\/\/encuentroinformativo.com.mx\/wp-content\/uploads\/2023\/02\/IMG-20230217-WA00082.jpg","jetpack_sharing_enabled":true,"jetpack_likes_enabled":true,"amp_enabled":true,"_links":{"self":[{"href":"https:\/\/encuentroinformativo.com.mx\/index.php?rest_route=\/wp\/v2\/posts\/36925","targetHints":{"allow":["GET"]}}],"collection":[{"href":"https:\/\/encuentroinformativo.com.mx\/index.php?rest_route=\/wp\/v2\/posts"}],"about":[{"href":"https:\/\/encuentroinformativo.com.mx\/index.php?rest_route=\/wp\/v2\/types\/post"}],"author":[{"embeddable":true,"href":"https:\/\/encuentroinformativo.com.mx\/index.php?rest_route=\/wp\/v2\/users\/2476"}],"replies":[{"embeddable":true,"href":"https:\/\/encuentroinformativo.com.mx\/index.php?rest_route=%2Fwp%2Fv2%2Fcomments&post=36925"}],"version-history":[{"count":1,"href":"https:\/\/encuentroinformativo.com.mx\/index.php?rest_route=\/wp\/v2\/posts\/36925\/revisions"}],"predecessor-version":[{"id":36927,"href":"https:\/\/encuentroinformativo.com.mx\/index.php?rest_route=\/wp\/v2\/posts\/36925\/revisions\/36927"}],"wp:featuredmedia":[{"embeddable":true,"href":"https:\/\/encuentroinformativo.com.mx\/index.php?rest_route=\/wp\/v2\/media\/36926"}],"wp:attachment":[{"href":"https:\/\/encuentroinformativo.com.mx\/index.php?rest_route=%2Fwp%2Fv2%2Fmedia&parent=36925"}],"wp:term":[{"taxonomy":"category","embeddable":true,"href":"https:\/\/encuentroinformativo.com.mx\/index.php?rest_route=%2Fwp%2Fv2%2Fcategories&post=36925"},{"taxonomy":"post_tag","embeddable":true,"href":"https:\/\/encuentroinformativo.com.mx\/index.php?rest_route=%2Fwp%2Fv2%2Ftags&post=36925"}],"curies":[{"name":"wp","href":"https:\/\/api.w.org\/{rel}","templated":true}]}}