{"id":36928,"date":"2023-02-17T09:49:51","date_gmt":"2023-02-17T15:49:51","guid":{"rendered":"https:\/\/encuentroinformativo.com.mx\/?p=36928"},"modified":"2023-02-17T09:49:55","modified_gmt":"2023-02-17T15:49:55","slug":"rescatan-con-vida-a-pescadores-de-chachalacas-desaparecidos","status":"publish","type":"post","link":"https:\/\/encuentroinformativo.com.mx\/?p=36928","title":{"rendered":"Rescatan con vida a pescadores de Chachalacas desaparecidos"},"content":{"rendered":"\n<p><strong>Alejandro \u00c1vila<\/strong><\/p>\n\n\n\n<p>\u00darsulo Galv\u00e1n, Ver.- La madrugada de este viernes fueron rescatados tres pescadores de la localidad de Chachalacas que hab\u00edan desaparecido durante la noche de este jueves cuando salieron a trabajar a altamar.<\/p>\n\n\n\n<p>Jos\u00e9 Gonz\u00e1lez, H\u00e9ctor Gonz\u00e1lez y Eusebio Alarc\u00f3n hab\u00edan salido a pescar la tarde de este jueves en la embarcaci\u00f3n &#8220;Leona II&#8221;, cuando fueron sorprendidos por el Frente Fr\u00edo n\u00famero 33, y quedaron a la deriva en los mares veracruzanos.<\/p>\n\n\n\n<p>Alrededor de las 18:30 horas se perdi\u00f3 comunicaci\u00f3n con los trabajadores del mar, pues se les hab\u00eda acabado la bater\u00eda de su celular, aunque se pudo conocer que en ese momento se encontraban en el \u00e1rea conocida como Montenegro, misma que se ubica entre los municipios de Veracruz y La Antigua.<\/p>\n\n\n\n<p>\u201cA las 6 de la tarde quisieron regresar a Chachalacas y se les descompuso el motor y dieron el playazo y la \u00faltima llamada de ellos, porque se quedaron sin bater\u00eda, fue como a las 6 y media, 7 de la noche, y est\u00e1n ah\u00ed en lo que es la zona cerca de la playa de La Catalana\u201d, dijo Bernardo Hern\u00e1ndez, presidente de la Federaci\u00f3n de Sociedades Cooperativas Pesqueras de Veracruz.<\/p>\n\n\n\n<p>Por la noche, integrantes de la Cooperativa de Leonas de la Barra de playa Chachalacas y elementos de Protecci\u00f3n Civil de \u00darsulo Galv\u00e1n comenzaron con la b\u00fasqueda por tierra a lo largo de la franja costera.<\/p>\n\n\n\n<p>Coment\u00f3 que las labores se complicaron debido a las r\u00e1fagas de viento y a que para poder ingresar a la playa se requiri\u00f3 de una camioneta cuatro por cuatro.<\/p>\n\n\n\n<p>Por fortuna, los tres ciudadanos fueron localizados con vida alrededor de las 01:30 horas de este viernes. Los pescadores se encuentran sanos y salvos en sus viviendas, confirm\u00f3 Bernardo Hern\u00e1ndez.<\/p>\n\n\n\n<p>\u201cYa est\u00e1n en su casa, como a la una y media de la ma\u00f1ana los rescat\u00f3 la gente de su cooperativa, Leonas de la Barra se llama la cooperativa de ah\u00ed de Chachalacas\u201d, inform\u00f3 al respecto.<\/p>\n","protected":false},"excerpt":{"rendered":"<p>Alejandro \u00c1vila \u00darsulo Galv\u00e1n, Ver.- La madrugada de este viernes fueron rescatados tres pescadores de la localidad de Chachalacas que hab\u00edan desaparecido durante la noche de este jueves cuando salieron a trabajar a altamar. Jos\u00e9 Gonz\u00e1lez, H\u00e9ctor Gonz\u00e1lez y Eusebio Alarc\u00f3n hab\u00edan salido a pescar la tarde de este jueves en la embarcaci\u00f3n &#8220;Leona II&#8221;, [&hellip;]<\/p>\n","protected":false},"author":2476,"featured_media":36929,"comment_status":"open","ping_status":"open","sticky":false,"template":"","format":"standard","meta":{"_jetpack_memberships_contains_paid_content":false,"footnotes":""},"categories":[8],"tags":[],"class_list":["post-36928","post","type-post","status-publish","format-standard","has-post-thumbnail","hentry","category-region"],"jetpack_featured_media_url":"https:\/\/encuentroinformativo.com.mx\/wp-content\/uploads\/2023\/02\/IMG-20230217-WA0002.jpg","jetpack_sharing_enabled":true,"jetpack_likes_enabled":true,"amp_enabled":true,"_links":{"self":[{"href":"https:\/\/encuentroinformativo.com.mx\/index.php?rest_route=\/wp\/v2\/posts\/36928","targetHints":{"allow":["GET"]}}],"collection":[{"href":"https:\/\/encuentroinformativo.com.mx\/index.php?rest_route=\/wp\/v2\/posts"}],"about":[{"href":"https:\/\/encuentroinformativo.com.mx\/index.php?rest_route=\/wp\/v2\/types\/post"}],"author":[{"embeddable":true,"href":"https:\/\/encuentroinformativo.com.mx\/index.php?rest_route=\/wp\/v2\/users\/2476"}],"replies":[{"embeddable":true,"href":"https:\/\/encuentroinformativo.com.mx\/index.php?rest_route=%2Fwp%2Fv2%2Fcomments&post=36928"}],"version-history":[{"count":1,"href":"https:\/\/encuentroinformativo.com.mx\/index.php?rest_route=\/wp\/v2\/posts\/36928\/revisions"}],"predecessor-version":[{"id":36930,"href":"https:\/\/encuentroinformativo.com.mx\/index.php?rest_route=\/wp\/v2\/posts\/36928\/revisions\/36930"}],"wp:featuredmedia":[{"embeddable":true,"href":"https:\/\/encuentroinformativo.com.mx\/index.php?rest_route=\/wp\/v2\/media\/36929"}],"wp:attachment":[{"href":"https:\/\/encuentroinformativo.com.mx\/index.php?rest_route=%2Fwp%2Fv2%2Fmedia&parent=36928"}],"wp:term":[{"taxonomy":"category","embeddable":true,"href":"https:\/\/encuentroinformativo.com.mx\/index.php?rest_route=%2Fwp%2Fv2%2Fcategories&post=36928"},{"taxonomy":"post_tag","embeddable":true,"href":"https:\/\/encuentroinformativo.com.mx\/index.php?rest_route=%2Fwp%2Fv2%2Ftags&post=36928"}],"curies":[{"name":"wp","href":"https:\/\/api.w.org\/{rel}","templated":true}]}}