{"id":36934,"date":"2023-02-17T10:12:37","date_gmt":"2023-02-17T16:12:37","guid":{"rendered":"https:\/\/encuentroinformativo.com.mx\/?p=36934"},"modified":"2023-02-17T10:12:40","modified_gmt":"2023-02-17T16:12:40","slug":"alarma-por-balacera-en-medellin-de-bravo","status":"publish","type":"post","link":"https:\/\/encuentroinformativo.com.mx\/?p=36934","title":{"rendered":"Alarma por &#8220;balacera&#8221; en Medell\u00edn de Bravo"},"content":{"rendered":"\n<p><strong>Alejandro \u00c1vila<\/strong><\/p>\n\n\n\n<p><strong>Fotos: <\/strong>Sergio Aldazaba\/Cortes\u00eda <\/p>\n\n\n\n<p>Medell\u00edn de Bravo, Ver.- Un nuevo enfrentamiento armado se dio la ma\u00f1ana de este viernes en la localidad de &#8220;El Doce&#8221; perteneciente al municipio de Medell\u00edn de Bravo, por lo cual se gener\u00f3 un bloqueo carretero en la carretera federal 180, entre las localidades de Paso del Toro y La Laguna.<\/p>\n\n\n\n<p>Seg\u00fan el reporte, las fuerzas del orden realizaron otro operativo en el mencionado lugar, donde minutos despu\u00e9s sostuvieron un enfrentamiento a balazos contra un grupo delincuencial; a la localidad tuvieron que acudir brigadistas de Protecci\u00f3n Civil de Medell\u00edn y param\u00e9dicos de Bomberos Conurbados.<\/p>\n\n\n\n<p>Tras la muerte de un elemento de la Polic\u00eda Municipal la noche de este jueves, el resto de sus compa\u00f1eros continuaron con las investigaciones del grupo delincuencial que hab\u00eda privado de la libertad a una persona, por lo que llegaron a la localidad de &#8220;El Doce&#8221; la ma\u00f1ana de este viernes, siguiendo el rastro los criminales.<\/p>\n\n\n\n<p>Los delincuentes fueron acorralados, y estos para evitar ser detenidos abrieron fuego en contra de las fuerzas del orden p\u00fablico.<\/p>\n\n\n\n<p>Hasta el momento se desconoce el saldo de este enfrentamiento, pero extraoficialmente hay al menos una persona detenida, adem\u00e1s cinco personas m\u00e1s resultaron lesionadas, aunque se desconoce si son oficiales o delincuentes.<\/p>\n\n\n\n<p>Ambulancias del CRUM, Conurbados y Proteccion Civil fueron escoltadas con patrullas hacia el sur de la conurbaci\u00f3n para trasladar a las personas lesionadas, todas ellas por arma de fuego.<\/p>\n\n\n\n<p>Pasadas las 10 de la ma\u00f1ana la circulaci\u00f3n qued\u00f3 reanudada en ambos carriles, pero decenas de patrullas permanecieron resguardando la zona en apoyo.<\/p>\n\n\n\n<figure class=\"wp-block-image size-large\"><img loading=\"lazy\" decoding=\"async\" width=\"1024\" height=\"576\" src=\"https:\/\/encuentroinformativo.com.mx\/wp-content\/uploads\/2023\/02\/IMG-20230217-WA0010-1024x576.jpg\" alt=\"\" class=\"wp-image-36936\" srcset=\"https:\/\/encuentroinformativo.com.mx\/wp-content\/uploads\/2023\/02\/IMG-20230217-WA0010-1024x576.jpg 1024w, https:\/\/encuentroinformativo.com.mx\/wp-content\/uploads\/2023\/02\/IMG-20230217-WA0010-300x169.jpg 300w, https:\/\/encuentroinformativo.com.mx\/wp-content\/uploads\/2023\/02\/IMG-20230217-WA0010-768x432.jpg 768w, https:\/\/encuentroinformativo.com.mx\/wp-content\/uploads\/2023\/02\/IMG-20230217-WA0010.jpg 1334w\" sizes=\"auto, (max-width: 1024px) 100vw, 1024px\" \/><\/figure>\n","protected":false},"excerpt":{"rendered":"<p>Alejandro \u00c1vila Fotos: Sergio Aldazaba\/Cortes\u00eda Medell\u00edn de Bravo, Ver.- Un nuevo enfrentamiento armado se dio la ma\u00f1ana de este viernes en la localidad de &#8220;El Doce&#8221; perteneciente al municipio de Medell\u00edn de Bravo, por lo cual se gener\u00f3 un bloqueo carretero en la carretera federal 180, entre las localidades de Paso del Toro y La [&hellip;]<\/p>\n","protected":false},"author":2476,"featured_media":36935,"comment_status":"open","ping_status":"open","sticky":false,"template":"","format":"standard","meta":{"_jetpack_memberships_contains_paid_content":false,"footnotes":""},"categories":[14],"tags":[],"class_list":["post-36934","post","type-post","status-publish","format-standard","has-post-thumbnail","hentry","category-policiaca"],"jetpack_featured_media_url":"https:\/\/encuentroinformativo.com.mx\/wp-content\/uploads\/2023\/02\/IMG-20230217-WA0011.jpg","jetpack_sharing_enabled":true,"jetpack_likes_enabled":true,"amp_enabled":true,"_links":{"self":[{"href":"https:\/\/encuentroinformativo.com.mx\/index.php?rest_route=\/wp\/v2\/posts\/36934","targetHints":{"allow":["GET"]}}],"collection":[{"href":"https:\/\/encuentroinformativo.com.mx\/index.php?rest_route=\/wp\/v2\/posts"}],"about":[{"href":"https:\/\/encuentroinformativo.com.mx\/index.php?rest_route=\/wp\/v2\/types\/post"}],"author":[{"embeddable":true,"href":"https:\/\/encuentroinformativo.com.mx\/index.php?rest_route=\/wp\/v2\/users\/2476"}],"replies":[{"embeddable":true,"href":"https:\/\/encuentroinformativo.com.mx\/index.php?rest_route=%2Fwp%2Fv2%2Fcomments&post=36934"}],"version-history":[{"count":1,"href":"https:\/\/encuentroinformativo.com.mx\/index.php?rest_route=\/wp\/v2\/posts\/36934\/revisions"}],"predecessor-version":[{"id":36937,"href":"https:\/\/encuentroinformativo.com.mx\/index.php?rest_route=\/wp\/v2\/posts\/36934\/revisions\/36937"}],"wp:featuredmedia":[{"embeddable":true,"href":"https:\/\/encuentroinformativo.com.mx\/index.php?rest_route=\/wp\/v2\/media\/36935"}],"wp:attachment":[{"href":"https:\/\/encuentroinformativo.com.mx\/index.php?rest_route=%2Fwp%2Fv2%2Fmedia&parent=36934"}],"wp:term":[{"taxonomy":"category","embeddable":true,"href":"https:\/\/encuentroinformativo.com.mx\/index.php?rest_route=%2Fwp%2Fv2%2Fcategories&post=36934"},{"taxonomy":"post_tag","embeddable":true,"href":"https:\/\/encuentroinformativo.com.mx\/index.php?rest_route=%2Fwp%2Fv2%2Ftags&post=36934"}],"curies":[{"name":"wp","href":"https:\/\/api.w.org\/{rel}","templated":true}]}}