{"id":36938,"date":"2023-02-17T12:04:36","date_gmt":"2023-02-17T18:04:36","guid":{"rendered":"https:\/\/encuentroinformativo.com.mx\/?p=36938"},"modified":"2023-02-17T12:04:40","modified_gmt":"2023-02-17T18:04:40","slug":"por-robo-sobrino-de-sara-hilda-presunto-implicado-en-su-homicidio","status":"publish","type":"post","link":"https:\/\/encuentroinformativo.com.mx\/?p=36938","title":{"rendered":"Por robo, sobrino de Sara Hilda presunto implicado en su homicidio"},"content":{"rendered":"\n<p><strong>Redacci\u00f3n<\/strong><\/p>\n\n\n\n<p>Xalapa, Ver.- El gobernador Cuitl\u00e1huac Garc\u00eda Jim\u00e9nez confirm\u00f3 que uno de los detenidos por el homicidio de Sara Hilda \u201cN\u201d es sobrino de la v\u00edctima quien presuntamente habr\u00eda estado bajo los influjos de sustancias nocivas al momento de los hechos.<\/p>\n\n\n\n<p>En conferencia de prensa, acompa\u00f1ado de la Fiscal Ver\u00f3nica Hern\u00e1ndez Giad\u00e1ns, el ejecutivo estatal dijo que de acuerdo a la informaci\u00f3n que ha sido recabada Sara Hilda fue privada de la vida desde el primer d\u00eda en que los presuntos culpables cometieron el robo en su vivienda.<\/p>\n\n\n\n<p>\u201cLamentablemente esta noticia que entristece que se da en el seno familiar por una circunstancia que el mismo presidente advirti\u00f3, el tema de las drogas, lo que se presume en este lamentable hecho es el consumo de las drogas en uno de los presuntos responsables y eso al parecer fue lo que tuvo este desenlace. Privar de la vida, presuntamente a la t\u00eda por querer sustraer sus pertenencias y dinero, lo hace el sobrino ese es el m\u00f3vil presuntamente\u201d.<\/p>\n\n\n\n<p>Desde el d\u00eda en que se recibi\u00f3 la denuncia, desde ese mismo d\u00eda cometieron este lamentable hecho, enfatiz\u00f3.<\/p>\n\n\n\n<p>Finalmente, Garc\u00eda Jim\u00e9nez se\u00f1al\u00f3 que no habr\u00e1 impunidad ante los lamentables hechos.<\/p>\n","protected":false},"excerpt":{"rendered":"<p>Redacci\u00f3n Xalapa, Ver.- El gobernador Cuitl\u00e1huac Garc\u00eda Jim\u00e9nez confirm\u00f3 que uno de los detenidos por el homicidio de Sara Hilda \u201cN\u201d es sobrino de la v\u00edctima quien presuntamente habr\u00eda estado bajo los influjos de sustancias nocivas al momento de los hechos. En conferencia de prensa, acompa\u00f1ado de la Fiscal Ver\u00f3nica Hern\u00e1ndez Giad\u00e1ns, el ejecutivo estatal [&hellip;]<\/p>\n","protected":false},"author":2476,"featured_media":36939,"comment_status":"open","ping_status":"open","sticky":false,"template":"","format":"standard","meta":{"_jetpack_memberships_contains_paid_content":false,"footnotes":""},"categories":[3],"tags":[],"class_list":["post-36938","post","type-post","status-publish","format-standard","has-post-thumbnail","hentry","category-xalapa"],"jetpack_featured_media_url":"https:\/\/encuentroinformativo.com.mx\/wp-content\/uploads\/2023\/02\/IMG-20230217-WA0045.jpg","jetpack_sharing_enabled":true,"jetpack_likes_enabled":true,"amp_enabled":true,"_links":{"self":[{"href":"https:\/\/encuentroinformativo.com.mx\/index.php?rest_route=\/wp\/v2\/posts\/36938","targetHints":{"allow":["GET"]}}],"collection":[{"href":"https:\/\/encuentroinformativo.com.mx\/index.php?rest_route=\/wp\/v2\/posts"}],"about":[{"href":"https:\/\/encuentroinformativo.com.mx\/index.php?rest_route=\/wp\/v2\/types\/post"}],"author":[{"embeddable":true,"href":"https:\/\/encuentroinformativo.com.mx\/index.php?rest_route=\/wp\/v2\/users\/2476"}],"replies":[{"embeddable":true,"href":"https:\/\/encuentroinformativo.com.mx\/index.php?rest_route=%2Fwp%2Fv2%2Fcomments&post=36938"}],"version-history":[{"count":1,"href":"https:\/\/encuentroinformativo.com.mx\/index.php?rest_route=\/wp\/v2\/posts\/36938\/revisions"}],"predecessor-version":[{"id":36940,"href":"https:\/\/encuentroinformativo.com.mx\/index.php?rest_route=\/wp\/v2\/posts\/36938\/revisions\/36940"}],"wp:featuredmedia":[{"embeddable":true,"href":"https:\/\/encuentroinformativo.com.mx\/index.php?rest_route=\/wp\/v2\/media\/36939"}],"wp:attachment":[{"href":"https:\/\/encuentroinformativo.com.mx\/index.php?rest_route=%2Fwp%2Fv2%2Fmedia&parent=36938"}],"wp:term":[{"taxonomy":"category","embeddable":true,"href":"https:\/\/encuentroinformativo.com.mx\/index.php?rest_route=%2Fwp%2Fv2%2Fcategories&post=36938"},{"taxonomy":"post_tag","embeddable":true,"href":"https:\/\/encuentroinformativo.com.mx\/index.php?rest_route=%2Fwp%2Fv2%2Ftags&post=36938"}],"curies":[{"name":"wp","href":"https:\/\/api.w.org\/{rel}","templated":true}]}}