{"id":36941,"date":"2023-02-17T13:11:00","date_gmt":"2023-02-17T19:11:00","guid":{"rendered":"https:\/\/encuentroinformativo.com.mx\/?p=36941"},"modified":"2023-02-17T13:11:03","modified_gmt":"2023-02-17T19:11:03","slug":"son-tres-los-detenidos-por-caso-sara-hilda-reitera-fiscalia","status":"publish","type":"post","link":"https:\/\/encuentroinformativo.com.mx\/?p=36941","title":{"rendered":"Son tres los detenidos por caso Sara Hilda, reitera Fiscal\u00eda"},"content":{"rendered":"\n<p><strong>Israel Garc\u00eda<\/strong><\/p>\n\n\n\n<p>Xalapa, Ver.- La fiscal Ver\u00f3nica Hern\u00e1ndez precis\u00f3 que conforme al debido proceso son tres los detenidos por su presunta participaci\u00f3n en la desaparici\u00f3n y homicidio de la se\u00f1ora Sara Hilda.<\/p>\n\n\n\n<p>\u201cMe corresponde informar de los trabajos de investigaci\u00f3n que se llevan a cabo producto de cada denuncia que es interpuesta en la fiscal\u00eda\u201d.<\/p>\n\n\n\n<p>Explic\u00f3 ante los medios de comunicaci\u00f3n, acompa\u00f1ada del gobernador Cuitl\u00e1huac Garc\u00eda que desafortunadamente el d\u00eda 14 de febrero del presente a\u00f1o recibieron una denuncia de parte de los familiares de la se\u00f1ora Sara Hilda Olarte Cid por su desaparici\u00f3n.<\/p>\n\n\n\n<p>\u201cA partir de ese momento la trilog\u00eda investigadora conformada por fiscales, peritos y polic\u00eda ministerial llevo a cabo actos de investigaci\u00f3n que dieron como resultado la detenci\u00f3n de tres personas\u2026 fueron detenidos por su presunta participaci\u00f3n en la desaparici\u00f3n de la se\u00f1ora Sara Hilda Olarte \u201d.<\/p>\n\n\n\n<p>Respetando sus derechos humanos, dijo, y el debido proceso ser\u00e1n presentados ante el juez correspondiente. Quisiera informar que uno de los detenidos Jos\u00e9 Carlos \u201cN\u201d resulta ser sobrino de la se\u00f1ora que se report\u00f3 su desaparici\u00f3n y desafortunadamente la se\u00f1ora Sara Hilda fue localizada por la Polic\u00eda Ministerial el d\u00eda de ayer sin vida.<\/p>\n\n\n\n<p><strong>Detienen 3 presuntos responsables<\/strong><\/p>\n\n\n\n<p>La Fiscal\u00eda General del Estado informa, que derivado de trabajos de investigaci\u00f3n, elementos de la Polic\u00eda Ministerial, detuvieron a Ra\u00fal \u201cN\u201d, Manuel Alfonso \u201cN\u201d y Jos\u00e9 Carlos \u201cN\u201d, este \u00faltimo sobrino de la v\u00edctima, por su presunta participaci\u00f3n en la desaparici\u00f3n de Sara Hilda \u201cN\u201d, hechos suscitados en la ciudad de Xalapa.<\/p>\n\n\n\n<p>Lamentablemente, la v\u00edctima ha sido localizada sin vida.<\/p>\n\n\n\n<p>Respetando sus derechos humanos y el debido proceso, ser\u00e1n presentados en audiencia inicial ante el Juez de Proceso y Procedimiento Penal Oral del Distrito Judicial de Xalapa para que defina su situaci\u00f3n jur\u00eddica, se\u00f1al\u00f3 el comunicado emitido de forma previa esta ma\u00f1ana.<\/p>\n","protected":false},"excerpt":{"rendered":"<p>Israel Garc\u00eda Xalapa, Ver.- La fiscal Ver\u00f3nica Hern\u00e1ndez precis\u00f3 que conforme al debido proceso son tres los detenidos por su presunta participaci\u00f3n en la desaparici\u00f3n y homicidio de la se\u00f1ora Sara Hilda. \u201cMe corresponde informar de los trabajos de investigaci\u00f3n que se llevan a cabo producto de cada denuncia que es interpuesta en la fiscal\u00eda\u201d. [&hellip;]<\/p>\n","protected":false},"author":2476,"featured_media":36942,"comment_status":"open","ping_status":"open","sticky":false,"template":"","format":"standard","meta":{"_jetpack_memberships_contains_paid_content":false,"footnotes":""},"categories":[3],"tags":[],"class_list":["post-36941","post","type-post","status-publish","format-standard","has-post-thumbnail","hentry","category-xalapa"],"jetpack_featured_media_url":"https:\/\/encuentroinformativo.com.mx\/wp-content\/uploads\/2023\/02\/IMG-20230217-WA0047.jpg","jetpack_sharing_enabled":true,"jetpack_likes_enabled":true,"amp_enabled":true,"_links":{"self":[{"href":"https:\/\/encuentroinformativo.com.mx\/index.php?rest_route=\/wp\/v2\/posts\/36941","targetHints":{"allow":["GET"]}}],"collection":[{"href":"https:\/\/encuentroinformativo.com.mx\/index.php?rest_route=\/wp\/v2\/posts"}],"about":[{"href":"https:\/\/encuentroinformativo.com.mx\/index.php?rest_route=\/wp\/v2\/types\/post"}],"author":[{"embeddable":true,"href":"https:\/\/encuentroinformativo.com.mx\/index.php?rest_route=\/wp\/v2\/users\/2476"}],"replies":[{"embeddable":true,"href":"https:\/\/encuentroinformativo.com.mx\/index.php?rest_route=%2Fwp%2Fv2%2Fcomments&post=36941"}],"version-history":[{"count":1,"href":"https:\/\/encuentroinformativo.com.mx\/index.php?rest_route=\/wp\/v2\/posts\/36941\/revisions"}],"predecessor-version":[{"id":36943,"href":"https:\/\/encuentroinformativo.com.mx\/index.php?rest_route=\/wp\/v2\/posts\/36941\/revisions\/36943"}],"wp:featuredmedia":[{"embeddable":true,"href":"https:\/\/encuentroinformativo.com.mx\/index.php?rest_route=\/wp\/v2\/media\/36942"}],"wp:attachment":[{"href":"https:\/\/encuentroinformativo.com.mx\/index.php?rest_route=%2Fwp%2Fv2%2Fmedia&parent=36941"}],"wp:term":[{"taxonomy":"category","embeddable":true,"href":"https:\/\/encuentroinformativo.com.mx\/index.php?rest_route=%2Fwp%2Fv2%2Fcategories&post=36941"},{"taxonomy":"post_tag","embeddable":true,"href":"https:\/\/encuentroinformativo.com.mx\/index.php?rest_route=%2Fwp%2Fv2%2Ftags&post=36941"}],"curies":[{"name":"wp","href":"https:\/\/api.w.org\/{rel}","templated":true}]}}