{"id":36944,"date":"2023-02-17T09:42:27","date_gmt":"2023-02-17T15:42:27","guid":{"rendered":"https:\/\/encuentroinformativo.com.mx\/?p=36944"},"modified":"2023-02-17T13:42:06","modified_gmt":"2023-02-17T19:42:06","slug":"danna-paola-confirma-concierto-en-veracruz-el-18-de-marzo","status":"publish","type":"post","link":"https:\/\/encuentroinformativo.com.mx\/?p=36944","title":{"rendered":"Danna Paola confirma concierto en Veracruz el 18 de marzo"},"content":{"rendered":"\n<p><strong>Alejandro \u00c1vila<\/strong><\/p>\n\n\n\n<p>Veracruz, Ver.- \u00a1Es un hecho!&nbsp; El esperado tour internacional \u201cXT4S1S\u201d de Danna Paola estar\u00e1 en Veracruz el pr\u00f3ximo s\u00e1bado 18 de marzo a partir de las 21:00 horas en el WTC de Boca del R\u00edo.<\/p>\n\n\n\n<p>Expandir Producciones confirm\u00f3 en Boca del R\u00edo, Veracruz este esperado tour de Danna Paola por lo que la venta de boletos contin\u00faa en l\u00ednea a trav\u00e9s de:&nbsp;www.ticketprime.com.mx<\/p>\n\n\n\n<p>Cabe se\u00f1alar que el tour&nbsp; \u201cXT4S1S\u201d ha sido sold out en San Luis Potos\u00ed, Guadalajara, Ciudad de M\u00e9xico, Monterrey, Puebla, M\u00e9rida y en Veracruz se espera no sea la excepci\u00f3n, dado a los miles de fans que se dar\u00e1n cita para ovacionar a la multipremiada cantante.&nbsp;<\/p>\n\n\n\n<p>La tambi\u00e9n actriz de exitosas telenovelas mexicanas y de la serie espa\u00f1ola \u00c9lite estar\u00e1 cantando lo mejor der su repertorio, entre las que incluyen las canciones: Mala Fama, Oye Pablo, No bailes sola y Sodio.<\/p>\n\n\n\n<p>Danna Paola ha sido ganadora de diferentes premios, entre los que se encuentran 9 Kids Choice Awards; 4 MTV Millennial Awards; 4 MTV Italian Music Awards; 1 MTV Europe Music Awards y 2 premios de la Sociedad de Autores y Compositores de M\u00e9xico por \u201cOye Pablo\u201d y \u201cSodio\u201d. Adem\u00e1s fue nominada al Grammy Latino por su sexto \u00e1lbum de estudio K.O.&nbsp;<\/p>\n\n\n\n<p>Boletos:&nbsp;www.ticketprime.com.mx<\/p>\n\n\n\n<figure class=\"wp-block-embed\"><div class=\"wp-block-embed__wrapper\">\nhttps:\/\/ticketprime.pagatusboletos.com\/venta\/es\/comprarEvento?idEvento=1035\n<\/div><\/figure>\n\n\n\n<p>Costos:<\/p>\n\n\n\n<p>Fama grada: $ 1,800<\/p>\n\n\n\n<p>Fan 2 Periquera (4 personas): $ 2,000 p\/p<\/p>\n\n\n\n<p>Oro 1 silla: $ 1,600<\/p>\n\n\n\n<p>Oro 2 silla: $ 1,600<\/p>\n\n\n\n<p>Oro 3 silla: $ 1,600<\/p>\n\n\n\n<p>Oro 4 silla: $ 1,600<\/p>\n\n\n\n<p>Lila 1 silla: $ 900.00<\/p>\n\n\n\n<p>Lila 2 silla: $ 900.00<\/p>\n\n\n\n<p>General de pie: $ 500<\/p>\n\n\n\n<ul class=\"wp-block-list\"><li>No incluye cargo por servicio, ni cargo bancario<\/li><li>Boletos adquiridos con anterioridad ser\u00e1n v\u00e1lidos<\/li><\/ul>\n","protected":false},"excerpt":{"rendered":"<p>Alejandro \u00c1vila Veracruz, Ver.- \u00a1Es un hecho!&nbsp; El esperado tour internacional \u201cXT4S1S\u201d de Danna Paola estar\u00e1 en Veracruz el pr\u00f3ximo s\u00e1bado 18 de marzo a partir de las 21:00 horas en el WTC de Boca del R\u00edo. Expandir Producciones confirm\u00f3 en Boca del R\u00edo, Veracruz este esperado tour de Danna Paola por lo que la [&hellip;]<\/p>\n","protected":false},"author":2476,"featured_media":36945,"comment_status":"open","ping_status":"open","sticky":false,"template":"","format":"standard","meta":{"_jetpack_memberships_contains_paid_content":false,"footnotes":""},"categories":[2],"tags":[],"class_list":["post-36944","post","type-post","status-publish","format-standard","has-post-thumbnail","hentry","category-estado"],"jetpack_featured_media_url":"https:\/\/encuentroinformativo.com.mx\/wp-content\/uploads\/2023\/02\/IMG-20230217-WA0012.jpg","jetpack_sharing_enabled":true,"jetpack_likes_enabled":true,"amp_enabled":true,"_links":{"self":[{"href":"https:\/\/encuentroinformativo.com.mx\/index.php?rest_route=\/wp\/v2\/posts\/36944","targetHints":{"allow":["GET"]}}],"collection":[{"href":"https:\/\/encuentroinformativo.com.mx\/index.php?rest_route=\/wp\/v2\/posts"}],"about":[{"href":"https:\/\/encuentroinformativo.com.mx\/index.php?rest_route=\/wp\/v2\/types\/post"}],"author":[{"embeddable":true,"href":"https:\/\/encuentroinformativo.com.mx\/index.php?rest_route=\/wp\/v2\/users\/2476"}],"replies":[{"embeddable":true,"href":"https:\/\/encuentroinformativo.com.mx\/index.php?rest_route=%2Fwp%2Fv2%2Fcomments&post=36944"}],"version-history":[{"count":1,"href":"https:\/\/encuentroinformativo.com.mx\/index.php?rest_route=\/wp\/v2\/posts\/36944\/revisions"}],"predecessor-version":[{"id":36946,"href":"https:\/\/encuentroinformativo.com.mx\/index.php?rest_route=\/wp\/v2\/posts\/36944\/revisions\/36946"}],"wp:featuredmedia":[{"embeddable":true,"href":"https:\/\/encuentroinformativo.com.mx\/index.php?rest_route=\/wp\/v2\/media\/36945"}],"wp:attachment":[{"href":"https:\/\/encuentroinformativo.com.mx\/index.php?rest_route=%2Fwp%2Fv2%2Fmedia&parent=36944"}],"wp:term":[{"taxonomy":"category","embeddable":true,"href":"https:\/\/encuentroinformativo.com.mx\/index.php?rest_route=%2Fwp%2Fv2%2Fcategories&post=36944"},{"taxonomy":"post_tag","embeddable":true,"href":"https:\/\/encuentroinformativo.com.mx\/index.php?rest_route=%2Fwp%2Fv2%2Ftags&post=36944"}],"curies":[{"name":"wp","href":"https:\/\/api.w.org\/{rel}","templated":true}]}}