{"id":36947,"date":"2023-02-17T13:45:16","date_gmt":"2023-02-17T19:45:16","guid":{"rendered":"https:\/\/encuentroinformativo.com.mx\/?p=36947"},"modified":"2023-02-17T13:46:56","modified_gmt":"2023-02-17T19:46:56","slug":"localizan-cuerpo-en-medellin-seria-del-abogado-secuestrado","status":"publish","type":"post","link":"https:\/\/encuentroinformativo.com.mx\/?p=36947","title":{"rendered":"Localizan cuerpo en Medell\u00edn, ser\u00eda del abogado secuestrado"},"content":{"rendered":"\n<p><strong>Alejandro \u00c1vila<\/strong><\/p>\n\n\n\n<p><strong>Fotos: <\/strong>Sergio Aldazaba\/Cortes\u00eda<\/p>\n\n\n\n<p>Medell\u00edn de Bravo, Ver.- El hallazgo de un cuerpo sin vida en la localidad El Canalizo perteneciente al municipio de Medell\u00edn de Bravo, moviliz\u00f3 a los cuerpos del orden policial la tarde de este viernes.<\/p>\n\n\n\n<p>El primer reporte indicaba a la Polic\u00eda Ministerial que se trataba del cuerpo del abogado que fue secuestrado la ma\u00f1ana del pasado 15 de febrero.<\/p>\n\n\n\n<p>Las unidades policiales se trasladaron a un camino vecinal, ubicado a un costado de libramiento de la carretera federal 180 en el tramo Paso del Toro &#8211; Santa Fe.<\/p>\n\n\n\n<p>Con apoyo de binomios caninos del grupo especial K9 de la Fuerza Civil se trasladaron hasta la congregaci\u00f3n conocida como El Canalizo, d\u00f3nde auxiliaron a detectives de la Polic\u00eda Ministerial para la b\u00fasqueda del cuerpo de la v\u00edctima extraoficialmente identificada como Luis Emilio F. M.<\/p>\n\n\n\n<p>A decir de las primeras investigaciones, el empresario habr\u00eda sido detenido y privado de su libertad cuando se dirig\u00eda al municipio de Cotaxtla, los criminales lo amagaron con armas de fuego y se lo llevaron a la fuerza.<\/p>\n\n\n\n<p>A la familia de la v\u00edctima comenzaron a llegarle movimientos irregulares de sus cuentas bancarias por lo cual dieron aviso a las autoridades ministeriales.<\/p>\n\n\n\n<p>Habitantes situados en Paso del Toro relataron que desde hac\u00eda ya mucho tiempo estos individuos operaban impunemente en la regi\u00f3n, donde cometieron decenas de robos a automovilistas a quienes les quitaban sus unidades automotoras, pertenencias y en ocasiones hasta la vida.<\/p>\n\n\n\n<p>El cad\u00e1ver de esta persona fue encontrado en el monte a orilla del camino de terracer\u00eda gracias al apoyo de los binomios caninos y posteriormente retirados por agentes de la direcci\u00f3n de servicios periciales, por lo que se espera pueda ser identificado y reclamado por sus deudos.<\/p>\n\n\n\n<p>Durante la conferencia del gobernador, Cuitl\u00e1huac Garc\u00eda Jim\u00e9nez, al mediod\u00eda de este viernes, el Ejecutivo Estatal confirm\u00f3 la detenci\u00f3n de cinco personas, tras los enfrentamientos armados de la noche del jueves y la ma\u00f1ana de este viernes.<\/p>\n\n\n\n<p>Los criminales fueron identificados como: Mar\u00eda del Carmen &#8220;N&#8221;, \u00c1ngel Sabino &#8220;N&#8221;, Flavio &#8220;N&#8221;, Fabio &#8220;N&#8221;, Alexis Iv\u00e1n &#8220;N&#8221; y Citlalli Celeste &#8220;N&#8221;, Los cuales habr\u00e1n de ser presentados ante el juez de control para determinar su presunta responsabilidad.<\/p>\n\n\n\n<p>Cabe mencionar que los operativos en toda la regi\u00f3n continuar\u00e1n durante todo el fin de semana a fin de buscar a m\u00e1s posibles c\u00f3mplices de esta banda delincuencial para que tambi\u00e9n respondan conforme a derecho.<\/p>\n\n\n\n<figure class=\"wp-block-image size-large\"><img loading=\"lazy\" decoding=\"async\" width=\"1024\" height=\"678\" src=\"https:\/\/encuentroinformativo.com.mx\/wp-content\/uploads\/2023\/02\/IMG-20230217-WA0062-1024x678.jpg\" alt=\"\" class=\"wp-image-36949\" srcset=\"https:\/\/encuentroinformativo.com.mx\/wp-content\/uploads\/2023\/02\/IMG-20230217-WA0062-1024x678.jpg 1024w, https:\/\/encuentroinformativo.com.mx\/wp-content\/uploads\/2023\/02\/IMG-20230217-WA0062-300x199.jpg 300w, https:\/\/encuentroinformativo.com.mx\/wp-content\/uploads\/2023\/02\/IMG-20230217-WA0062-768x509.jpg 768w, https:\/\/encuentroinformativo.com.mx\/wp-content\/uploads\/2023\/02\/IMG-20230217-WA0062-1536x1018.jpg 1536w, https:\/\/encuentroinformativo.com.mx\/wp-content\/uploads\/2023\/02\/IMG-20230217-WA0062.jpg 1600w\" sizes=\"auto, (max-width: 1024px) 100vw, 1024px\" \/><\/figure>\n","protected":false},"excerpt":{"rendered":"<p>Alejandro \u00c1vila Fotos: Sergio Aldazaba\/Cortes\u00eda Medell\u00edn de Bravo, Ver.- El hallazgo de un cuerpo sin vida en la localidad El Canalizo perteneciente al municipio de Medell\u00edn de Bravo, moviliz\u00f3 a los cuerpos del orden policial la tarde de este viernes. El primer reporte indicaba a la Polic\u00eda Ministerial que se trataba del cuerpo del abogado [&hellip;]<\/p>\n","protected":false},"author":2476,"featured_media":36948,"comment_status":"open","ping_status":"open","sticky":false,"template":"","format":"standard","meta":{"_jetpack_memberships_contains_paid_content":false,"footnotes":""},"categories":[14],"tags":[],"class_list":["post-36947","post","type-post","status-publish","format-standard","has-post-thumbnail","hentry","category-policiaca"],"jetpack_featured_media_url":"https:\/\/encuentroinformativo.com.mx\/wp-content\/uploads\/2023\/02\/IMG-20230217-WA0061.jpg","jetpack_sharing_enabled":true,"jetpack_likes_enabled":true,"amp_enabled":true,"_links":{"self":[{"href":"https:\/\/encuentroinformativo.com.mx\/index.php?rest_route=\/wp\/v2\/posts\/36947","targetHints":{"allow":["GET"]}}],"collection":[{"href":"https:\/\/encuentroinformativo.com.mx\/index.php?rest_route=\/wp\/v2\/posts"}],"about":[{"href":"https:\/\/encuentroinformativo.com.mx\/index.php?rest_route=\/wp\/v2\/types\/post"}],"author":[{"embeddable":true,"href":"https:\/\/encuentroinformativo.com.mx\/index.php?rest_route=\/wp\/v2\/users\/2476"}],"replies":[{"embeddable":true,"href":"https:\/\/encuentroinformativo.com.mx\/index.php?rest_route=%2Fwp%2Fv2%2Fcomments&post=36947"}],"version-history":[{"count":2,"href":"https:\/\/encuentroinformativo.com.mx\/index.php?rest_route=\/wp\/v2\/posts\/36947\/revisions"}],"predecessor-version":[{"id":36951,"href":"https:\/\/encuentroinformativo.com.mx\/index.php?rest_route=\/wp\/v2\/posts\/36947\/revisions\/36951"}],"wp:featuredmedia":[{"embeddable":true,"href":"https:\/\/encuentroinformativo.com.mx\/index.php?rest_route=\/wp\/v2\/media\/36948"}],"wp:attachment":[{"href":"https:\/\/encuentroinformativo.com.mx\/index.php?rest_route=%2Fwp%2Fv2%2Fmedia&parent=36947"}],"wp:term":[{"taxonomy":"category","embeddable":true,"href":"https:\/\/encuentroinformativo.com.mx\/index.php?rest_route=%2Fwp%2Fv2%2Fcategories&post=36947"},{"taxonomy":"post_tag","embeddable":true,"href":"https:\/\/encuentroinformativo.com.mx\/index.php?rest_route=%2Fwp%2Fv2%2Ftags&post=36947"}],"curies":[{"name":"wp","href":"https:\/\/api.w.org\/{rel}","templated":true}]}}