{"id":36952,"date":"2023-02-17T13:57:11","date_gmt":"2023-02-17T19:57:11","guid":{"rendered":"https:\/\/encuentroinformativo.com.mx\/?p=36952"},"modified":"2023-02-17T13:57:15","modified_gmt":"2023-02-17T19:57:15","slug":"pandemia-incremento-casos-de-diabetes-en-xalapa","status":"publish","type":"post","link":"https:\/\/encuentroinformativo.com.mx\/?p=36952","title":{"rendered":"Pandemia, increment\u00f3 casos de diabetes en Xalapa"},"content":{"rendered":"\n<p><strong>Dar\u00edo Pale <\/strong><\/p>\n\n\n\n<p>Xalapa, Ver.- Olga Isabel Alarc\u00f3n Ric\u00e1rdez directora de Salud municipal dio a conocer que llevan a cabo una jornada de prevenci\u00f3n de la salud, al tiempo que coment\u00f3 las cifras de diabetes en Xalapa son muy alarmantes ya que debido a la pandemia se incrementaron los casos.<\/p>\n\n\n\n<p>En entrevista se\u00f1al\u00f3 que las cifras en Xalapa en cuanto a la diabetes &#8220;es alarmante&#8221; ya que la pandemia le cambi\u00f3 la vida a muchas personas, debido a que el estar encerrados sufrieron estr\u00e9s e ingirieron alimentos que no eran buenos para generar energ\u00eda, lo cual ocasion\u00f3 que a muchas personas les diera esta enfermedad.<\/p>\n\n\n\n<p>Por lo anterior invit\u00f3 a la ciudadan\u00eda para que asistan a su centro de salud y que no deben pasar el tiempo para ver c\u00f3mo est\u00e1 su estado de salud y que no dejen pasar el tiempo.<\/p>\n\n\n\n<p>El d\u00eda de hoy est\u00e1n realizando las pruebas para ver c\u00f3mo se encuentran de la glucosa al igual que les toman la presi\u00f3n arterial para ver c\u00f3mo est\u00e1n y ver si no es necesario que acudan a su centro de salud.<\/p>\n\n\n\n<p>Les dan clases de cocina a trav\u00e9s de un chef para que se preparen verduras as\u00ed como espinacas y las mezclan con harina para cambiarles el sabor a la comida y que no pase de los est\u00e1ndares para no provocar un problema de salud y en este caso no aumentar la glucosa.<\/p>\n\n\n\n<p>Finalmente recomend\u00f3 que deben de bajar los consumos de refrescos o jugos embotellados, adem\u00e1s deben existir una sana alimentaci\u00f3n ya que afortunadamente hay muchas recetas en internet.<\/p>\n\n\n\n<figure class=\"wp-block-image size-large\"><img loading=\"lazy\" decoding=\"async\" width=\"1024\" height=\"768\" src=\"https:\/\/encuentroinformativo.com.mx\/wp-content\/uploads\/2023\/02\/IMG-20230217-WA0064-1024x768.jpg\" alt=\"\" class=\"wp-image-36954\" srcset=\"https:\/\/encuentroinformativo.com.mx\/wp-content\/uploads\/2023\/02\/IMG-20230217-WA0064-1024x768.jpg 1024w, https:\/\/encuentroinformativo.com.mx\/wp-content\/uploads\/2023\/02\/IMG-20230217-WA0064-300x225.jpg 300w, https:\/\/encuentroinformativo.com.mx\/wp-content\/uploads\/2023\/02\/IMG-20230217-WA0064-768x576.jpg 768w, https:\/\/encuentroinformativo.com.mx\/wp-content\/uploads\/2023\/02\/IMG-20230217-WA0064.jpg 1040w\" sizes=\"auto, (max-width: 1024px) 100vw, 1024px\" \/><\/figure>\n","protected":false},"excerpt":{"rendered":"<p>Dar\u00edo Pale Xalapa, Ver.- Olga Isabel Alarc\u00f3n Ric\u00e1rdez directora de Salud municipal dio a conocer que llevan a cabo una jornada de prevenci\u00f3n de la salud, al tiempo que coment\u00f3 las cifras de diabetes en Xalapa son muy alarmantes ya que debido a la pandemia se incrementaron los casos. En entrevista se\u00f1al\u00f3 que las cifras [&hellip;]<\/p>\n","protected":false},"author":2476,"featured_media":36953,"comment_status":"open","ping_status":"open","sticky":false,"template":"","format":"standard","meta":{"_jetpack_memberships_contains_paid_content":false,"footnotes":""},"categories":[9],"tags":[],"class_list":["post-36952","post","type-post","status-publish","format-standard","has-post-thumbnail","hentry","category-salud"],"jetpack_featured_media_url":"https:\/\/encuentroinformativo.com.mx\/wp-content\/uploads\/2023\/02\/IMG-20230217-WA0063.jpg","jetpack_sharing_enabled":true,"jetpack_likes_enabled":true,"amp_enabled":true,"_links":{"self":[{"href":"https:\/\/encuentroinformativo.com.mx\/index.php?rest_route=\/wp\/v2\/posts\/36952","targetHints":{"allow":["GET"]}}],"collection":[{"href":"https:\/\/encuentroinformativo.com.mx\/index.php?rest_route=\/wp\/v2\/posts"}],"about":[{"href":"https:\/\/encuentroinformativo.com.mx\/index.php?rest_route=\/wp\/v2\/types\/post"}],"author":[{"embeddable":true,"href":"https:\/\/encuentroinformativo.com.mx\/index.php?rest_route=\/wp\/v2\/users\/2476"}],"replies":[{"embeddable":true,"href":"https:\/\/encuentroinformativo.com.mx\/index.php?rest_route=%2Fwp%2Fv2%2Fcomments&post=36952"}],"version-history":[{"count":1,"href":"https:\/\/encuentroinformativo.com.mx\/index.php?rest_route=\/wp\/v2\/posts\/36952\/revisions"}],"predecessor-version":[{"id":36955,"href":"https:\/\/encuentroinformativo.com.mx\/index.php?rest_route=\/wp\/v2\/posts\/36952\/revisions\/36955"}],"wp:featuredmedia":[{"embeddable":true,"href":"https:\/\/encuentroinformativo.com.mx\/index.php?rest_route=\/wp\/v2\/media\/36953"}],"wp:attachment":[{"href":"https:\/\/encuentroinformativo.com.mx\/index.php?rest_route=%2Fwp%2Fv2%2Fmedia&parent=36952"}],"wp:term":[{"taxonomy":"category","embeddable":true,"href":"https:\/\/encuentroinformativo.com.mx\/index.php?rest_route=%2Fwp%2Fv2%2Fcategories&post=36952"},{"taxonomy":"post_tag","embeddable":true,"href":"https:\/\/encuentroinformativo.com.mx\/index.php?rest_route=%2Fwp%2Fv2%2Ftags&post=36952"}],"curies":[{"name":"wp","href":"https:\/\/api.w.org\/{rel}","templated":true}]}}